{"id":127653,"date":"2026-03-12T19:42:42","date_gmt":"2026-03-12T22:42:42","guid":{"rendered":"https:\/\/blogdoedvaldomagalhaes.com.br\/?p=127653"},"modified":"2026-03-12T21:33:01","modified_gmt":"2026-03-13T00:33:01","slug":"exposicao-boi-tira-teima-tradicao-tempo-e-territorio-entra-em-cartaz-nesta-sexta-feira-13-no-sesc-caruaru","status":"publish","type":"post","link":"https:\/\/blogdoedvaldomagalhaes.com.br\/index.php\/2026\/03\/12\/exposicao-boi-tira-teima-tradicao-tempo-e-territorio-entra-em-cartaz-nesta-sexta-feira-13-no-sesc-caruaru\/","title":{"rendered":"Exposi\u00e7\u00e3o \u201cBoi Tira-Teima \u2013 Tradi\u00e7\u00e3o, Tempo e Territ\u00f3rio\u201d entra em cartaz nesta sexta-feira (13), no Sesc Caruaru"},"content":{"rendered":"<p>Uma das manifesta\u00e7\u00f5es culturais mais tradicionais do Norte\/Nordeste do pa\u00eds, o Bumba Meu Boi encanta gera\u00e7\u00f5es com suas performances coloridas e ritmadas. Em Caruaru, no Agreste, um dos representantes deste patrim\u00f4nio brasileiro ganha destaque em uma exposi\u00e7\u00e3o, no Sesc. \u201cBoi Tira-Teima \u2013 Tradi\u00e7\u00e3o, Tempo e Territ\u00f3rio\u201d entra em cartaz nesta sexta-feira (13\/03), na Galeria de Artes Mestre Galdino. A abertura ser\u00e1 \u00e0s 20h, dentro da programa\u00e7\u00e3o do Virad\u00e3o Sesc 2026, que comemora os 79 anos de atua\u00e7\u00e3o do Sesc em Pernambuco.<\/p>\n<p>O Boi Tira-Teima surgiu em 1922, tornando-se s\u00edmbolo da cultura popular caruaruense. Teve como lideran\u00e7a o Mestre Gercino, seguido por sua Dona Lindaura e pelo filho do casal Mestre Roberto Gercino. Desde ent\u00e3o, mant\u00e9m viva a tradi\u00e7\u00e3o centen\u00e1ria com a\u00e7\u00f5es educativas e socioculturais. O grupo participa de apresenta\u00e7\u00f5es em festivais e escolas e tem como destaques projetos formativos e o recente reconhecimento como Ponto de Cultura e Patrim\u00f4nio Cultural. \u00c9 presen\u00e7a frequente nos cortejos do Sesc no S\u00e3o Jo\u00e3o de Caruaru.<\/p>\n<p>Na exposi\u00e7\u00e3o, o p\u00fablico vai conferir fotos, documentos, estandartes, instrumentos musicais utilizados nas apresenta\u00e7\u00f5es, vestimentas e o pr\u00f3prio Boi Tira-Teima. &#8220;Com essa mostra, nos propomos a contribuir com a salvaguarda e valoriza\u00e7\u00e3o do patrim\u00f4nio cultural de Caruaru e de Pernambuco. O Boi Tira-Teima tem um legado que precisa ser divulgado entre as novas gera\u00e7\u00f5es para que a hist\u00f3ria art\u00edstica de nossa cidade n\u00e3o se perca\u201d, explica Erique Nascimento, professor de Artes e supervisor de Cultura do Sesc Caruaru.<\/p>\n<p>A exposi\u00e7\u00e3o fica em cartaz na Galeria de Artes Mestre Galdino, at\u00e9 o dia 19 de junho. Os dias e hor\u00e1rios de visita\u00e7\u00e3o s\u00e3o de segunda a sexta, das 14h \u00e0s 21h, e nos s\u00e1bados, das 14h \u00e0s 20h. A entrada \u00e9 gratuita. Para agendamento de grupos e escolas, basta fazer contato pelo telefone\/Whatsapp (81) 3721.3967. E para conhecer de perto a performance do grupo, o Sesc apresenta o Boi Tira-Teima, neste s\u00e1bado (14), \u00e0s 16h, no Monte Bom Jesus, tamb\u00e9m como parte integrante da programa\u00e7\u00e3o do Virad\u00e3o Sesc 2026.<br \/>\nSiga o Instagram @portaledvaldomagalhaes<br \/>\nFoto: Sesc Caruaru\/Divulga\u00e7\u00e3o<\/p>\n","protected":false},"excerpt":{"rendered":"<p>Uma das manifesta\u00e7\u00f5es culturais mais tradicionais do Norte\/Nordeste do pa\u00eds, o Bumba Meu Boi encanta gera\u00e7\u00f5es com suas performances coloridas&hellip;<\/p>\n","protected":false},"author":1,"featured_media":127654,"comment_status":"closed","ping_status":"open","sticky":false,"template":"","format":"standard","meta":{"footnotes":""},"categories":[14120],"tags":[13146,36114,34634,36115],"class_list":["post-127653","post","type-post","status-publish","format-standard","has-post-thumbnail","hentry","category-noticias","tag-blog-edvaldo-magalhaes","tag-exposicao-boi-tira-teima-tradicao","tag-portal-edvaldo-magalhaes","tag-tempo-e-territorio-entra-em-cartaz-nesta-sexta-feira-13-no-sesc-caruaru"],"_links":{"self":[{"href":"https:\/\/blogdoedvaldomagalhaes.com.br\/index.php\/wp-json\/wp\/v2\/posts\/127653","targetHints":{"allow":["GET"]}}],"collection":[{"href":"https:\/\/blogdoedvaldomagalhaes.com.br\/index.php\/wp-json\/wp\/v2\/posts"}],"about":[{"href":"https:\/\/blogdoedvaldomagalhaes.com.br\/index.php\/wp-json\/wp\/v2\/types\/post"}],"author":[{"embeddable":true,"href":"https:\/\/blogdoedvaldomagalhaes.com.br\/index.php\/wp-json\/wp\/v2\/users\/1"}],"replies":[{"embeddable":true,"href":"https:\/\/blogdoedvaldomagalhaes.com.br\/index.php\/wp-json\/wp\/v2\/comments?post=127653"}],"version-history":[{"count":1,"href":"https:\/\/blogdoedvaldomagalhaes.com.br\/index.php\/wp-json\/wp\/v2\/posts\/127653\/revisions"}],"predecessor-version":[{"id":127655,"href":"https:\/\/blogdoedvaldomagalhaes.com.br\/index.php\/wp-json\/wp\/v2\/posts\/127653\/revisions\/127655"}],"wp:featuredmedia":[{"embeddable":true,"href":"https:\/\/blogdoedvaldomagalhaes.com.br\/index.php\/wp-json\/wp\/v2\/media\/127654"}],"wp:attachment":[{"href":"https:\/\/blogdoedvaldomagalhaes.com.br\/index.php\/wp-json\/wp\/v2\/media?parent=127653"}],"wp:term":[{"taxonomy":"category","embeddable":true,"href":"https:\/\/blogdoedvaldomagalhaes.com.br\/index.php\/wp-json\/wp\/v2\/categories?post=127653"},{"taxonomy":"post_tag","embeddable":true,"href":"https:\/\/blogdoedvaldomagalhaes.com.br\/index.php\/wp-json\/wp\/v2\/tags?post=127653"}],"curies":[{"name":"wp","href":"https:\/\/api.w.org\/{rel}","templated":true}]}}