{"id":127650,"date":"2026-03-12T19:24:00","date_gmt":"2026-03-12T22:24:00","guid":{"rendered":"https:\/\/blogdoedvaldomagalhaes.com.br\/?p=127650"},"modified":"2026-03-12T19:24:00","modified_gmt":"2026-03-12T22:24:00","slug":"jorge-quintino-propoe-programa-municipal-de-apoio-e-autonomia-para-maes-solo-em-caruaru","status":"publish","type":"post","link":"https:\/\/blogdoedvaldomagalhaes.com.br\/index.php\/2026\/03\/12\/jorge-quintino-propoe-programa-municipal-de-apoio-e-autonomia-para-maes-solo-em-caruaru\/","title":{"rendered":"Jorge Quintino prop\u00f5e programa municipal de apoio e autonomia para m\u00e3es solo em Caruaru"},"content":{"rendered":"<p>O vereador Professor Jorge Quintino (PODE) apresentou na C\u00e2mara Municipal um anteprojeto que prop\u00f5e a cria\u00e7\u00e3o do Programa Municipal de *Apoio e Promo\u00e7\u00e3o da Autonomia de M\u00e3es Solo em Caruaru.<\/p>\n<p>A iniciativa busca ampliar pol\u00edticas p\u00fablicas para mulheres que assumem sozinhas a cria\u00e7\u00e3o e o sustento dos filhos. Entre as medidas previstas est\u00e3o a inclus\u00e3o priorit\u00e1ria em programas municipais de gera\u00e7\u00e3o de emprego e renda e prioridade no acesso a creches e centros de educa\u00e7\u00e3o infantil da rede municipal, conforme a disponibilidade de vagas.<\/p>\n<p>A proposta dialoga com dados do \u00faltimo Censo do IBGE, que apontam que o Brasil possui mais de 11 milh\u00f5es de m\u00e3es solo. O levantamento tamb\u00e9m mostra que cerca de 86,4% dos lares chefiados por apenas um adulto com filhos s\u00e3o liderados por mulheres, evidenciando o protagonismo feminino nas chamadas fam\u00edlias monoparentais.<\/p>\n<p>Para Jorge Quintino, o projeto busca fortalecer pol\u00edticas p\u00fablicas voltadas \u00e0 autonomia dessas mulheres. _\u201cPrecisamos olhar com mais aten\u00e7\u00e3o para a realidade das m\u00e3es solo, que muitas vezes carregam sozinhas a responsabilidade de sustentar e educar seus filhos. O poder p\u00fablico tem o dever de criar oportunidades e oferecer apoio para que essas mulheres tenham mais autonomia e melhores condi\u00e7\u00f5es de vida\u201d,_ destacou o vereador. <\/p>\n<p>A proposta segue agora para an\u00e1lise e tramita\u00e7\u00e3o no Legislativo municipal.<br \/>\nSiga o Instagram @portaledvaldomagalhaes<br \/>\nFoto: Vict\u00f3ria Oliveira <\/p>\n","protected":false},"excerpt":{"rendered":"<p>O vereador Professor Jorge Quintino (PODE) apresentou na C\u00e2mara Municipal um anteprojeto que prop\u00f5e a cria\u00e7\u00e3o do Programa Municipal de&hellip;<\/p>\n","protected":false},"author":1,"featured_media":127651,"comment_status":"closed","ping_status":"open","sticky":false,"template":"","format":"standard","meta":{"footnotes":""},"categories":[14122],"tags":[13146,36113,20,34634],"class_list":["post-127650","post","type-post","status-publish","format-standard","has-post-thumbnail","hentry","category-politica","tag-blog-edvaldo-magalhaes","tag-jorge-quintino-propoe-programa-municipal-de-apoio-e-autonomia-para-maes-solo-em-caruaru","tag-politica","tag-portal-edvaldo-magalhaes"],"_links":{"self":[{"href":"https:\/\/blogdoedvaldomagalhaes.com.br\/index.php\/wp-json\/wp\/v2\/posts\/127650","targetHints":{"allow":["GET"]}}],"collection":[{"href":"https:\/\/blogdoedvaldomagalhaes.com.br\/index.php\/wp-json\/wp\/v2\/posts"}],"about":[{"href":"https:\/\/blogdoedvaldomagalhaes.com.br\/index.php\/wp-json\/wp\/v2\/types\/post"}],"author":[{"embeddable":true,"href":"https:\/\/blogdoedvaldomagalhaes.com.br\/index.php\/wp-json\/wp\/v2\/users\/1"}],"replies":[{"embeddable":true,"href":"https:\/\/blogdoedvaldomagalhaes.com.br\/index.php\/wp-json\/wp\/v2\/comments?post=127650"}],"version-history":[{"count":1,"href":"https:\/\/blogdoedvaldomagalhaes.com.br\/index.php\/wp-json\/wp\/v2\/posts\/127650\/revisions"}],"predecessor-version":[{"id":127652,"href":"https:\/\/blogdoedvaldomagalhaes.com.br\/index.php\/wp-json\/wp\/v2\/posts\/127650\/revisions\/127652"}],"wp:featuredmedia":[{"embeddable":true,"href":"https:\/\/blogdoedvaldomagalhaes.com.br\/index.php\/wp-json\/wp\/v2\/media\/127651"}],"wp:attachment":[{"href":"https:\/\/blogdoedvaldomagalhaes.com.br\/index.php\/wp-json\/wp\/v2\/media?parent=127650"}],"wp:term":[{"taxonomy":"category","embeddable":true,"href":"https:\/\/blogdoedvaldomagalhaes.com.br\/index.php\/wp-json\/wp\/v2\/categories?post=127650"},{"taxonomy":"post_tag","embeddable":true,"href":"https:\/\/blogdoedvaldomagalhaes.com.br\/index.php\/wp-json\/wp\/v2\/tags?post=127650"}],"curies":[{"name":"wp","href":"https:\/\/api.w.org\/{rel}","templated":true}]}}