{"id":127646,"date":"2026-03-12T11:43:46","date_gmt":"2026-03-12T14:43:46","guid":{"rendered":"https:\/\/blogdoedvaldomagalhaes.com.br\/?p=127646"},"modified":"2026-03-12T11:46:25","modified_gmt":"2026-03-12T14:46:25","slug":"articulacao-garante-retomada-do-abastecimento-de-agua-no-1-distrito-de-caruaru","status":"publish","type":"post","link":"https:\/\/blogdoedvaldomagalhaes.com.br\/index.php\/2026\/03\/12\/articulacao-garante-retomada-do-abastecimento-de-agua-no-1-distrito-de-caruaru\/","title":{"rendered":"Articula\u00e7\u00e3o garante retomada do abastecimento de \u00e1gua no 1\u00b0 Distrito de Caruaru"},"content":{"rendered":"<p>O secret\u00e1rio de Sustentabilidade e Bem-Estar Animal e vereador licenciado de Caruaru, Renato Lyra, demonstrou capacidade de articula\u00e7\u00e3o institucional ao atuar para resolver a falta de abastecimento de \u00e1gua que vinha afetando comunidades do Primeiro Distrito do munic\u00edpio.<\/p>\n<p>Ap\u00f3s receber informa\u00e7\u00f5es de moradores sobre a interrup\u00e7\u00e3o no fornecimento, que j\u00e1 durava cerca de 20 dias, Lyra entrou em contato com o gerente regional da Compesa, Ant\u00f4nio S\u00e1, relatando a situa\u00e7\u00e3o enfrentada por localidades como S\u00edtio Estivas, Murici, Mata Negro, Lagoa do Paulista e \u00e1reas pr\u00f3ximas.<\/p>\n<p>Diante da solicita\u00e7\u00e3o, a Compesa deslocou uma equipe t\u00e9cnica para a regi\u00e3o, que realizou os procedimentos necess\u00e1rios para solucionar o problema no sistema de abastecimento.<\/p>\n<p>Com a interven\u00e7\u00e3o, o fornecimento de \u00e1gua foi regularizado, refor\u00e7ando o compromisso do secret\u00e1rio e vereador licenciado Renato Lyra com a popula\u00e7\u00e3o de Caruaru, mantendo a atua\u00e7\u00e3o voltada ao cuidado com as pessoas e com os animais, conforme defende em sua trajet\u00f3ria p\u00fablica.<br \/>\nSiga o Instagram @portaledvaldomagalhaes<br \/>\nFoto: Divulga\u00e7\u00e3o <\/p>\n","protected":false},"excerpt":{"rendered":"<p>O secret\u00e1rio de Sustentabilidade e Bem-Estar Animal e vereador licenciado de Caruaru, Renato Lyra, demonstrou capacidade de articula\u00e7\u00e3o institucional ao&hellip;<\/p>\n","protected":false},"author":1,"featured_media":127649,"comment_status":"closed","ping_status":"open","sticky":false,"template":"","format":"standard","meta":{"footnotes":""},"categories":[14120],"tags":[36112,13146,34634],"class_list":["post-127646","post","type-post","status-publish","format-standard","has-post-thumbnail","hentry","category-noticias","tag-articulacao-garante-retomada-do-abastecimento-de-agua-no-1-distrito-de-caruaru","tag-blog-edvaldo-magalhaes","tag-portal-edvaldo-magalhaes"],"_links":{"self":[{"href":"https:\/\/blogdoedvaldomagalhaes.com.br\/index.php\/wp-json\/wp\/v2\/posts\/127646","targetHints":{"allow":["GET"]}}],"collection":[{"href":"https:\/\/blogdoedvaldomagalhaes.com.br\/index.php\/wp-json\/wp\/v2\/posts"}],"about":[{"href":"https:\/\/blogdoedvaldomagalhaes.com.br\/index.php\/wp-json\/wp\/v2\/types\/post"}],"author":[{"embeddable":true,"href":"https:\/\/blogdoedvaldomagalhaes.com.br\/index.php\/wp-json\/wp\/v2\/users\/1"}],"replies":[{"embeddable":true,"href":"https:\/\/blogdoedvaldomagalhaes.com.br\/index.php\/wp-json\/wp\/v2\/comments?post=127646"}],"version-history":[{"count":1,"href":"https:\/\/blogdoedvaldomagalhaes.com.br\/index.php\/wp-json\/wp\/v2\/posts\/127646\/revisions"}],"predecessor-version":[{"id":127648,"href":"https:\/\/blogdoedvaldomagalhaes.com.br\/index.php\/wp-json\/wp\/v2\/posts\/127646\/revisions\/127648"}],"wp:featuredmedia":[{"embeddable":true,"href":"https:\/\/blogdoedvaldomagalhaes.com.br\/index.php\/wp-json\/wp\/v2\/media\/127649"}],"wp:attachment":[{"href":"https:\/\/blogdoedvaldomagalhaes.com.br\/index.php\/wp-json\/wp\/v2\/media?parent=127646"}],"wp:term":[{"taxonomy":"category","embeddable":true,"href":"https:\/\/blogdoedvaldomagalhaes.com.br\/index.php\/wp-json\/wp\/v2\/categories?post=127646"},{"taxonomy":"post_tag","embeddable":true,"href":"https:\/\/blogdoedvaldomagalhaes.com.br\/index.php\/wp-json\/wp\/v2\/tags?post=127646"}],"curies":[{"name":"wp","href":"https:\/\/api.w.org\/{rel}","templated":true}]}}