{"id":127640,"date":"2026-03-12T11:19:37","date_gmt":"2026-03-12T14:19:37","guid":{"rendered":"https:\/\/blogdoedvaldomagalhaes.com.br\/?p=127640"},"modified":"2026-03-12T11:19:37","modified_gmt":"2026-03-12T14:19:37","slug":"prf-intensifica-fiscalizacao-de-veiculos-de-transporte-escolar-e-encontra-diversas-versas-irregularidades","status":"publish","type":"post","link":"https:\/\/blogdoedvaldomagalhaes.com.br\/index.php\/2026\/03\/12\/prf-intensifica-fiscalizacao-de-veiculos-de-transporte-escolar-e-encontra-diversas-versas-irregularidades\/","title":{"rendered":"PRF intensifica fiscaliza\u00e7\u00e3o de ve\u00edculos de transporte escolar e encontra diversas versas irregularidades"},"content":{"rendered":"<p>Na segunda (09.03) e ter\u00e7a-feira (10.03), a Pol\u00edcia Rodovi\u00e1ria Federal (PRF) intensificou a fiscaliza\u00e7\u00e3o de ve\u00edculos que realizam o transporte escolar na regi\u00e3o do Agreste de Pernambuco. A iniciativa busca levar mais seguran\u00e7a aos estudantes e verificar se as normas relativas a esse servi\u00e7o est\u00e3o sendo cumpridas.<\/p>\n<p>Durante a opera\u00e7\u00e3o, foram fiscalizados 18 \u00f4nibus e uma van utilizados no transporte escolar, sendo emitidas 17 autua\u00e7\u00f5es por diversas infra\u00e7\u00f5es. Destacam-se a falta de autoriza\u00e7\u00e3o e da vistoria obrigat\u00f3ria para realizar o servi\u00e7o, licenciamento atrasado e desvio de finalidade.<\/p>\n<p>Um dos ve\u00edculos fiscalizados transportava adultos para Tratamento Fora do Domic\u00edlio (TFD), ao inv\u00e9s de estudantes. Neste caso, foi lavrado um Boletim de Ocorr\u00eancia Policial (BOP) por suspeita de improbidade administrativa. A situa\u00e7\u00e3o ser\u00e1 encaminhada ao Minist\u00e9rio Publico Federal (MPF), para a ado\u00e7\u00e3o das medidas legais.<\/p>\n<p>Ao longo de 2025 e no in\u00edcio deste ano, a PRF em Pernambuco promoveu semin\u00e1rios e palestras para secret\u00e1rios de tr\u00e2nsito e transporte, gestores de frota e motoristas, sobre temas relacionados \u00e0 seguran\u00e7a no transporte de estudantes, com foco nos equipamentos obrigat\u00f3rios e na documenta\u00e7\u00e3o necess\u00e1ria para que os ve\u00edculos possam circular de forma regular e segura. Tamb\u00e9m foram destacadas as exig\u00eancias legais para os motoristas, como a necessidade de curso especializado, al\u00e9m de outros requisitos previstos na legisla\u00e7\u00e3o.<br \/>\nSiga o Instagram @portaledvaldomagalhaes<br \/>\nFoto: Divulga\u00e7\u00e3o\/PRF<\/p>\n","protected":false},"excerpt":{"rendered":"<p>Na segunda (09.03) e ter\u00e7a-feira (10.03), a Pol\u00edcia Rodovi\u00e1ria Federal (PRF) intensificou a fiscaliza\u00e7\u00e3o de ve\u00edculos que realizam o transporte&hellip;<\/p>\n","protected":false},"author":1,"featured_media":127641,"comment_status":"closed","ping_status":"open","sticky":false,"template":"","format":"standard","meta":{"footnotes":""},"categories":[14121],"tags":[13146,34634,36110],"class_list":["post-127640","post","type-post","status-publish","format-standard","has-post-thumbnail","hentry","category-policial","tag-blog-edvaldo-magalhaes","tag-portal-edvaldo-magalhaes","tag-prf-intensifica-fiscalizacao-de-veiculos-de-transporte-escolar-e-encontra-diversas-versas-irregularidades"],"_links":{"self":[{"href":"https:\/\/blogdoedvaldomagalhaes.com.br\/index.php\/wp-json\/wp\/v2\/posts\/127640","targetHints":{"allow":["GET"]}}],"collection":[{"href":"https:\/\/blogdoedvaldomagalhaes.com.br\/index.php\/wp-json\/wp\/v2\/posts"}],"about":[{"href":"https:\/\/blogdoedvaldomagalhaes.com.br\/index.php\/wp-json\/wp\/v2\/types\/post"}],"author":[{"embeddable":true,"href":"https:\/\/blogdoedvaldomagalhaes.com.br\/index.php\/wp-json\/wp\/v2\/users\/1"}],"replies":[{"embeddable":true,"href":"https:\/\/blogdoedvaldomagalhaes.com.br\/index.php\/wp-json\/wp\/v2\/comments?post=127640"}],"version-history":[{"count":1,"href":"https:\/\/blogdoedvaldomagalhaes.com.br\/index.php\/wp-json\/wp\/v2\/posts\/127640\/revisions"}],"predecessor-version":[{"id":127642,"href":"https:\/\/blogdoedvaldomagalhaes.com.br\/index.php\/wp-json\/wp\/v2\/posts\/127640\/revisions\/127642"}],"wp:featuredmedia":[{"embeddable":true,"href":"https:\/\/blogdoedvaldomagalhaes.com.br\/index.php\/wp-json\/wp\/v2\/media\/127641"}],"wp:attachment":[{"href":"https:\/\/blogdoedvaldomagalhaes.com.br\/index.php\/wp-json\/wp\/v2\/media?parent=127640"}],"wp:term":[{"taxonomy":"category","embeddable":true,"href":"https:\/\/blogdoedvaldomagalhaes.com.br\/index.php\/wp-json\/wp\/v2\/categories?post=127640"},{"taxonomy":"post_tag","embeddable":true,"href":"https:\/\/blogdoedvaldomagalhaes.com.br\/index.php\/wp-json\/wp\/v2\/tags?post=127640"}],"curies":[{"name":"wp","href":"https:\/\/api.w.org\/{rel}","templated":true}]}}