{"id":127636,"date":"2026-03-12T11:11:08","date_gmt":"2026-03-12T14:11:08","guid":{"rendered":"https:\/\/blogdoedvaldomagalhaes.com.br\/?p=127636"},"modified":"2026-03-12T11:11:08","modified_gmt":"2026-03-12T14:11:08","slug":"mais-de-meia-tonelada-de-pescado-sem-refrigeracao-e-apreendida-pela-prf","status":"publish","type":"post","link":"https:\/\/blogdoedvaldomagalhaes.com.br\/index.php\/2026\/03\/12\/mais-de-meia-tonelada-de-pescado-sem-refrigeracao-e-apreendida-pela-prf\/","title":{"rendered":"Mais de meia tonelada de pescado sem refrigera\u00e7\u00e3o \u00e9 apreendida pela PRF"},"content":{"rendered":"<p>Uma carga de 630 Kg de pescado foi apreendida, na quarta-feira (11.03), pela Pol\u00edcia Rodovi\u00e1ria Federal (PRF), na BR 101, na Cidade Universit\u00e1ria, na Zona Oeste do Recife. A mercadoria era transportada no compartimento de carga de um furg\u00e3o sem qualquer refrigera\u00e7\u00e3o.<\/p>\n<p>Durante uma fiscaliza\u00e7\u00e3o na rodovia, a equipe verificou que o licenciamento do furg\u00e3o estava vencido. Ao abrir a \u00e1rea destinada ao transporte de carga, foram encontradas diversas caixas de frutos do mar sem a devida refrigera\u00e7\u00e3o, o que compromete a qualidade do produto e pode oferecer risco \u00e0 sa\u00fade do consumidor.<\/p>\n<p>O motorista informou que havia sa\u00eddo de um centro de distribui\u00e7\u00e3o de alimentos para entregar a carga em diversos endere\u00e7os, inclusive distantes do local de origem.<\/p>\n<p>O propriet\u00e1rio da empresa compareceu na PRF e foi encaminhado junto com os ocupantes do ve\u00edculo e a carga \u00e0 Delegacia do Consumidor, no Centro do Recife. Eles poder\u00e3o responder por crime contra as rela\u00e7\u00f5es de consumo.<br \/>\nSiga o Instagram @portaledvaldomagalhaes<br \/>\nFoto: Divulga\u00e7\u00e3o\/PRF<\/p>\n","protected":false},"excerpt":{"rendered":"<p>Uma carga de 630 Kg de pescado foi apreendida, na quarta-feira (11.03), pela Pol\u00edcia Rodovi\u00e1ria Federal (PRF), na BR 101,&hellip;<\/p>\n","protected":false},"author":1,"featured_media":127638,"comment_status":"closed","ping_status":"open","sticky":false,"template":"","format":"standard","meta":{"footnotes":""},"categories":[14121],"tags":[13146,36109,34634],"class_list":["post-127636","post","type-post","status-publish","format-standard","has-post-thumbnail","hentry","category-policial","tag-blog-edvaldo-magalhaes","tag-mais-de-meia-tonelada-de-pescado-sem-refrigeracao-e-apreendida-pela-prf","tag-portal-edvaldo-magalhaes"],"_links":{"self":[{"href":"https:\/\/blogdoedvaldomagalhaes.com.br\/index.php\/wp-json\/wp\/v2\/posts\/127636","targetHints":{"allow":["GET"]}}],"collection":[{"href":"https:\/\/blogdoedvaldomagalhaes.com.br\/index.php\/wp-json\/wp\/v2\/posts"}],"about":[{"href":"https:\/\/blogdoedvaldomagalhaes.com.br\/index.php\/wp-json\/wp\/v2\/types\/post"}],"author":[{"embeddable":true,"href":"https:\/\/blogdoedvaldomagalhaes.com.br\/index.php\/wp-json\/wp\/v2\/users\/1"}],"replies":[{"embeddable":true,"href":"https:\/\/blogdoedvaldomagalhaes.com.br\/index.php\/wp-json\/wp\/v2\/comments?post=127636"}],"version-history":[{"count":2,"href":"https:\/\/blogdoedvaldomagalhaes.com.br\/index.php\/wp-json\/wp\/v2\/posts\/127636\/revisions"}],"predecessor-version":[{"id":127639,"href":"https:\/\/blogdoedvaldomagalhaes.com.br\/index.php\/wp-json\/wp\/v2\/posts\/127636\/revisions\/127639"}],"wp:featuredmedia":[{"embeddable":true,"href":"https:\/\/blogdoedvaldomagalhaes.com.br\/index.php\/wp-json\/wp\/v2\/media\/127638"}],"wp:attachment":[{"href":"https:\/\/blogdoedvaldomagalhaes.com.br\/index.php\/wp-json\/wp\/v2\/media?parent=127636"}],"wp:term":[{"taxonomy":"category","embeddable":true,"href":"https:\/\/blogdoedvaldomagalhaes.com.br\/index.php\/wp-json\/wp\/v2\/categories?post=127636"},{"taxonomy":"post_tag","embeddable":true,"href":"https:\/\/blogdoedvaldomagalhaes.com.br\/index.php\/wp-json\/wp\/v2\/tags?post=127636"}],"curies":[{"name":"wp","href":"https:\/\/api.w.org\/{rel}","templated":true}]}}