{"id":127633,"date":"2026-03-12T08:45:18","date_gmt":"2026-03-12T11:45:18","guid":{"rendered":"https:\/\/blogdoedvaldomagalhaes.com.br\/?p=127633"},"modified":"2026-03-12T08:45:18","modified_gmt":"2026-03-12T11:45:18","slug":"13o-festival-de-cinema-de-caruaru-abre-inscricoes-para-curtas-metragens","status":"publish","type":"post","link":"https:\/\/blogdoedvaldomagalhaes.com.br\/index.php\/2026\/03\/12\/13o-festival-de-cinema-de-caruaru-abre-inscricoes-para-curtas-metragens\/","title":{"rendered":"13\u00ba Festival de Cinema de Caruaru abre inscri\u00e7\u00f5es para curtas-metragens"},"content":{"rendered":"<p>Est\u00e3o abertas as inscri\u00e7\u00f5es de filmes para a 13\u00aa edi\u00e7\u00e3o do Festival de Cinema de Caruaru. Realizadores de todo o mundo podem inscrever seus curtas-metragens at\u00e9 o dia 30 de abril, por meio do site festivaldecaruaru.com.br. As exibi\u00e7\u00f5es acontecer\u00e3o entre os dias 5 e 22 de agosto, com sess\u00f5es no Teatro Jo\u00e3o Lyra Filho e mostras itinerantes realizadas em diversos espa\u00e7os da cidade.<\/p>\n<p>Ser\u00e3o aceitos filmes finalizados a partir de janeiro de 2025, com dura\u00e7\u00e3o m\u00e1xima de 20 minutos, in\u00e9ditos em Caruaru e que n\u00e3o tenham sido exibidos em TV aberta ou disponibilizados na internet. Durante a inscri\u00e7\u00e3o, \u00e9 necess\u00e1rio enviar o arquivo do filme e preencher a ficha t\u00e9cnica com informa\u00e7\u00f5es sobre a equipe.<\/p>\n<p>Neste ano, o festival amplia sua programa\u00e7\u00e3o e contar\u00e1 com nove mostras. Permanecem na sele\u00e7\u00e3o as categorias Agreste, Brasil, Latino-americana, Infantil, Adolescine, Fant\u00e1sticos, Pega Leve e Personagem. A novidade \u00e9 a Mostra Internacional, dedicada a produ\u00e7\u00f5es de diferentes pa\u00edses fora da Am\u00e9rica Latina, ampliando o di\u00e1logo do festival com o cinema de outras partes do mundo.<\/p>\n<p>O regulamento completo e o formul\u00e1rio de inscri\u00e7\u00e3o est\u00e3o dispon\u00edveis no site festivaldecaruaru.com.br.<br \/>\nSiga o Instagram @portaledvaldomagalhaes<br \/>\nFoto: Divulga\u00e7\u00e3o <\/p>\n","protected":false},"excerpt":{"rendered":"<p>Est\u00e3o abertas as inscri\u00e7\u00f5es de filmes para a 13\u00aa edi\u00e7\u00e3o do Festival de Cinema de Caruaru. Realizadores de todo o&hellip;<\/p>\n","protected":false},"author":1,"featured_media":127634,"comment_status":"closed","ping_status":"open","sticky":false,"template":"","format":"standard","meta":{"footnotes":""},"categories":[14120],"tags":[36108,13146,34634],"class_list":["post-127633","post","type-post","status-publish","format-standard","has-post-thumbnail","hentry","category-noticias","tag-13o-festival-de-cinema-de-caruaru-abre-inscricoes-para-curtas-metragens","tag-blog-edvaldo-magalhaes","tag-portal-edvaldo-magalhaes"],"_links":{"self":[{"href":"https:\/\/blogdoedvaldomagalhaes.com.br\/index.php\/wp-json\/wp\/v2\/posts\/127633","targetHints":{"allow":["GET"]}}],"collection":[{"href":"https:\/\/blogdoedvaldomagalhaes.com.br\/index.php\/wp-json\/wp\/v2\/posts"}],"about":[{"href":"https:\/\/blogdoedvaldomagalhaes.com.br\/index.php\/wp-json\/wp\/v2\/types\/post"}],"author":[{"embeddable":true,"href":"https:\/\/blogdoedvaldomagalhaes.com.br\/index.php\/wp-json\/wp\/v2\/users\/1"}],"replies":[{"embeddable":true,"href":"https:\/\/blogdoedvaldomagalhaes.com.br\/index.php\/wp-json\/wp\/v2\/comments?post=127633"}],"version-history":[{"count":1,"href":"https:\/\/blogdoedvaldomagalhaes.com.br\/index.php\/wp-json\/wp\/v2\/posts\/127633\/revisions"}],"predecessor-version":[{"id":127635,"href":"https:\/\/blogdoedvaldomagalhaes.com.br\/index.php\/wp-json\/wp\/v2\/posts\/127633\/revisions\/127635"}],"wp:featuredmedia":[{"embeddable":true,"href":"https:\/\/blogdoedvaldomagalhaes.com.br\/index.php\/wp-json\/wp\/v2\/media\/127634"}],"wp:attachment":[{"href":"https:\/\/blogdoedvaldomagalhaes.com.br\/index.php\/wp-json\/wp\/v2\/media?parent=127633"}],"wp:term":[{"taxonomy":"category","embeddable":true,"href":"https:\/\/blogdoedvaldomagalhaes.com.br\/index.php\/wp-json\/wp\/v2\/categories?post=127633"},{"taxonomy":"post_tag","embeddable":true,"href":"https:\/\/blogdoedvaldomagalhaes.com.br\/index.php\/wp-json\/wp\/v2\/tags?post=127633"}],"curies":[{"name":"wp","href":"https:\/\/api.w.org\/{rel}","templated":true}]}}