{"id":127630,"date":"2026-03-11T23:29:04","date_gmt":"2026-03-12T02:29:04","guid":{"rendered":"https:\/\/blogdoedvaldomagalhaes.com.br\/?p=127630"},"modified":"2026-03-11T23:29:04","modified_gmt":"2026-03-12T02:29:04","slug":"anderson-luiz-marca-filiacao-ao-psd-e-chega-com-a-forca-do-apoio-de-rodrigo-pinheiro-e-raquel-lyra","status":"publish","type":"post","link":"https:\/\/blogdoedvaldomagalhaes.com.br\/index.php\/2026\/03\/11\/anderson-luiz-marca-filiacao-ao-psd-e-chega-com-a-forca-do-apoio-de-rodrigo-pinheiro-e-raquel-lyra\/","title":{"rendered":"Anderson Luiz marca filia\u00e7\u00e3o ao PSD e chega com a for\u00e7a do apoio de Rodrigo Pinheiro e Raquel Lyra"},"content":{"rendered":"<p>A filia\u00e7\u00e3o do secret\u00e1rio de Articula\u00e7\u00e3o Pol\u00edtica de Caruaru e pr\u00e9-candidato a deputado estadual, Anderson Luiz, ao Partido Social Democr\u00e1tico (PSD) j\u00e1 tem data marcada e promete reunir importantes lideran\u00e7as pol\u00edticas de Pernambuco. O ato ser\u00e1 realizado no dia 20 de mar\u00e7o (sexta-feira), \u00e0s 18h55, no Maria Jos\u00e9 Recep\u00e7\u00f5es 1, em Caruaru.<\/p>\n<p>O evento marcar\u00e1 oficialmente a chegada de Anderson Luiz ao PSD e refor\u00e7a seu projeto pol\u00edtico com foco na disputa por uma vaga na Assembleia Legislativa de Pernambuco (Alepe). A expectativa \u00e9 de uma grande mobiliza\u00e7\u00e3o de apoiadores, lideran\u00e7as comunit\u00e1rias e representantes de diversos segmentos da sociedade.<\/p>\n<p>A solenidade contar\u00e1 com as presen\u00e7as do prefeito de Caruaru, Rodrigo Pinheiro, da governadora de Pernambuco, Raquel Lyra, do deputado federal Fernando Monteiro, al\u00e9m de diversas lideran\u00e7as pol\u00edticas e autoridades do estado. O encontro tamb\u00e9m ser\u00e1 um momento de fortalecimento pol\u00edtico e de alinhamento do grupo que apoia o projeto de Anderson Luiz para a pol\u00edtica estadual, consolidando apoios e ampliando di\u00e1logos.<br \/>\nSiga o Instagram @portaledvaldomagalhaes<br \/>\nFoto: Divulga\u00e7\u00e3o <\/p>\n","protected":false},"excerpt":{"rendered":"<p>A filia\u00e7\u00e3o do secret\u00e1rio de Articula\u00e7\u00e3o Pol\u00edtica de Caruaru e pr\u00e9-candidato a deputado estadual, Anderson Luiz, ao Partido Social Democr\u00e1tico&hellip;<\/p>\n","protected":false},"author":1,"featured_media":127631,"comment_status":"closed","ping_status":"open","sticky":false,"template":"","format":"standard","meta":{"footnotes":""},"categories":[14122],"tags":[36107,13146,20,34634],"class_list":["post-127630","post","type-post","status-publish","format-standard","has-post-thumbnail","hentry","category-politica","tag-anderson-luiz-marca-filiacao-ao-psd-e-chega-com-a-forca-do-apoio-de-rodrigo-pinheiro-e-raquel-lyra","tag-blog-edvaldo-magalhaes","tag-politica","tag-portal-edvaldo-magalhaes"],"_links":{"self":[{"href":"https:\/\/blogdoedvaldomagalhaes.com.br\/index.php\/wp-json\/wp\/v2\/posts\/127630","targetHints":{"allow":["GET"]}}],"collection":[{"href":"https:\/\/blogdoedvaldomagalhaes.com.br\/index.php\/wp-json\/wp\/v2\/posts"}],"about":[{"href":"https:\/\/blogdoedvaldomagalhaes.com.br\/index.php\/wp-json\/wp\/v2\/types\/post"}],"author":[{"embeddable":true,"href":"https:\/\/blogdoedvaldomagalhaes.com.br\/index.php\/wp-json\/wp\/v2\/users\/1"}],"replies":[{"embeddable":true,"href":"https:\/\/blogdoedvaldomagalhaes.com.br\/index.php\/wp-json\/wp\/v2\/comments?post=127630"}],"version-history":[{"count":1,"href":"https:\/\/blogdoedvaldomagalhaes.com.br\/index.php\/wp-json\/wp\/v2\/posts\/127630\/revisions"}],"predecessor-version":[{"id":127632,"href":"https:\/\/blogdoedvaldomagalhaes.com.br\/index.php\/wp-json\/wp\/v2\/posts\/127630\/revisions\/127632"}],"wp:featuredmedia":[{"embeddable":true,"href":"https:\/\/blogdoedvaldomagalhaes.com.br\/index.php\/wp-json\/wp\/v2\/media\/127631"}],"wp:attachment":[{"href":"https:\/\/blogdoedvaldomagalhaes.com.br\/index.php\/wp-json\/wp\/v2\/media?parent=127630"}],"wp:term":[{"taxonomy":"category","embeddable":true,"href":"https:\/\/blogdoedvaldomagalhaes.com.br\/index.php\/wp-json\/wp\/v2\/categories?post=127630"},{"taxonomy":"post_tag","embeddable":true,"href":"https:\/\/blogdoedvaldomagalhaes.com.br\/index.php\/wp-json\/wp\/v2\/tags?post=127630"}],"curies":[{"name":"wp","href":"https:\/\/api.w.org\/{rel}","templated":true}]}}