{"id":127618,"date":"2026-03-11T19:58:09","date_gmt":"2026-03-11T22:58:09","guid":{"rendered":"https:\/\/blogdoedvaldomagalhaes.com.br\/?p=127618"},"modified":"2026-03-11T20:08:43","modified_gmt":"2026-03-11T23:08:43","slug":"pernambuco-no-oscar-cinema-sao-luiz-exibe-cerimonia-da-premiacao-com-entrada-gratuita-e-programacao-cultural","status":"publish","type":"post","link":"https:\/\/blogdoedvaldomagalhaes.com.br\/index.php\/2026\/03\/11\/pernambuco-no-oscar-cinema-sao-luiz-exibe-cerimonia-da-premiacao-com-entrada-gratuita-e-programacao-cultural\/","title":{"rendered":"Pernambuco no Oscar: Cinema S\u00e3o Luiz exibe cerim\u00f4nia da premia\u00e7\u00e3o com entrada gratuita e programa\u00e7\u00e3o cultural"},"content":{"rendered":"<p>Neste domingo (15.03), o cinema mundial celebra seus destaques com a cerim\u00f4nia do Oscar 2026. Em Pernambuco, a festa tem um sabor especial, j\u00e1 que o filme O Agente Secreto, do cineasta pernambucano Kleber Mendon\u00e7a Filho, concorre a quatro estatuetas, incluindo a de Melhor Filme. Por isso, a celebra\u00e7\u00e3o no Recife ter\u00e1 um palco simb\u00f3lico: o Cinema S\u00e3o Luiz, que \u00e9 um dos cen\u00e1rios do longa e recebe, a partir das 18h30, o evento \u201cPernambuco no Oscar\u201d, com transmiss\u00e3o da premia\u00e7\u00e3o, programa\u00e7\u00e3o cultural com frevo, tapete vermelho, apresenta\u00e7\u00e3o da Pitombeira dos Quatro Cantos e desfile dos Bonecos Gigantes de Olinda. A iniciativa \u00e9 promovida pelo Governo de Pernambuco, por meio da Secretaria de Cultura (Secult) e da Funda\u00e7\u00e3o do Patrim\u00f4nio Hist\u00f3rico e Art\u00edstico de Pernambuco (Fundarpe). Quem quiser assistir \u00e0 cerim\u00f4nia na parte interna do cinema poder\u00e1 retirar ingressos gratuitos no s\u00e1bado (14), a partir das 10h, exclusivamente na bilheteria do local, sendo permitido um ingresso por CPF. Na \u00e1rea externa, um tel\u00e3o vai exibir a premia\u00e7\u00e3o.<br \/>\n\u201c\u00c9 uma alegria ver o cinema pernambucano chegar t\u00e3o longe e disputar o Oscar com um filme dirigido por um talento da nossa terra. Queremos que o p\u00fablico possa viver esse momento junto, celebrando e torcendo no Cinema S\u00e3o Luiz, um espa\u00e7o t\u00e3o simb\u00f3lico para a nossa cultura e hist\u00f3ria\u201d, afirmou a governadora Raquel Lyra.<br \/>\nA programa\u00e7\u00e3o come\u00e7a a partir das 18h30 e vai transformar a Rua da Aurora em um grande tapete vermelho. Em frente ao hist\u00f3rico Cinema S\u00e3o Luiz, o p\u00fablico ser\u00e1 recebido pela Pitombeira dos Quatro Cantos e sua tradicional orquestra de frevo, que abre a noite em clima de festa. A \u00e1rea externa tamb\u00e9m contar\u00e1 com cen\u00e1rios inspirados no universo do filme de Kleber Mendon\u00e7a Filho, incluindo refer\u00eancias que dialogam com o imagin\u00e1rio da cidade, como a lend\u00e1ria perna cabeluda, carros antigos e o orelh\u00e3o do longa, elementos que ajudam a criar uma atmosfera cinematogr\u00e1fica para quem chegar ao local.<br \/>\n\u201cO Oscar deste ano tem um sabor especial para Pernambuco. Ver um filme de Kleber Mendon\u00e7a Filho chegar a uma premia\u00e7\u00e3o t\u00e3o importante, levando o nome do nosso Estado e tendo o Cinema S\u00e3o Luiz como parte dessa hist\u00f3ria, enche todos n\u00f3s de orgulho. Abrir as portas desse cinema, que \u00e9 um patrim\u00f4nio afetivo do nosso povo, para que o p\u00fablico acompanhe e tor\u00e7a junto \u00e9 uma forma de celebrar a for\u00e7a da nossa cultura e do cinema pernambucano\u201d, destaca a secret\u00e1ria de Cultura de Pernambuco, Cacau de Paula.<\/p>\n<p>\u00c0s 21h, come\u00e7a a transmiss\u00e3o da cerim\u00f4nia do Oscar, exibida simultaneamente dentro do Cinema S\u00e3o Luiz e em um tel\u00e3o montado do lado de fora. Durante os momentos dedicados \u00e0s indica\u00e7\u00f5es do filme pernambucano, a celebra\u00e7\u00e3o ganha ainda mais cor local. Uma orquestra de frevo vai entrar em cena ao lado dos tradicionais Bonecos Gigantes de Olinda, representando o diretor Kleber Mendon\u00e7a Filho, o ator Wagner Moura e a atriz T\u00e2nia Maria.<br \/>\n\u201cO Cinema S\u00e3o Luiz \u00e9 um dos grandes s\u00edmbolos da rela\u00e7\u00e3o do povo pernambucano com o cinema e com a mem\u00f3ria cultural do Recife. Abrir suas portas para que o p\u00fablico acompanhe junto um momento t\u00e3o importante como o Oscar reafirma o compromisso da gest\u00e3o Raquel Lyra com o valor desse patrim\u00f4nio, que segue pulsando e reunindo diferentes gera\u00e7\u00f5es em torno do cinema\u201d, ressalta a presidente da Fundarpe, Renata Borba.<\/p>\n<p>O Agente Secreto concorre nas categorias do Oscar: Melhor Filme, Melhor Filme Internacional, Melhor Ator, para Wagner Moura, e Melhor Elenco. Nesta temporada de premia\u00e7\u00f5es, o Cinema S\u00e3o Luiz ganha ainda mais notoriedade ao aparecer como personagem no longa pernambucano, refor\u00e7ando seu lugar simb\u00f3lico na paisagem cultural da capital e na mem\u00f3ria afetiva do p\u00fablico. Ambientado no Recife de 1977, o filme tamb\u00e9m teve cenas gravadas em outros locais ic\u00f4nicos da capital estadual, como a sede da Fundarpe e o Gin\u00e1sio Pernambucano.<br \/>\nPATRIM\u00d4NIO \u2014 Inaugurado em 1952, o Cinema S\u00e3o Luiz \u00e9 um dos mais emblem\u00e1ticos cinemas de rua do pa\u00eds, um dos principais patrim\u00f4nios culturais de Pernambuco e s\u00edmbolo da rela\u00e7\u00e3o afetiva do Recife com a s\u00e9tima arte. Com sua arquitetura preservada, balc\u00f5es elegantes e a ic\u00f4nica fachada iluminada \u00e0s margens do Capibaribe, o espa\u00e7o atravessa gera\u00e7\u00f5es como ponto de encontro da cultura pernambucana. O local \u00e9 um equipamento p\u00fablico cultural gerido pelo Estado, por meio da Fundarpe, e integra a rede de espa\u00e7os dedicados \u00e0 preserva\u00e7\u00e3o e difus\u00e3o da cultura em Pernambuco.<br \/>\nPERNAMBUCO NO OSCAR<br \/>\nData: Domingo, 15 de mar\u00e7o<br Hor\u00e1rio: A partir das 18h30\nLocal: Cinema S\u00e3o Luiz \u2013 Rua da Aurora, Centro, Recife\nEntrada: Gratuia\nIngressos para a sala do cinema: Retirada no s\u00e1bado (14), a partir das 10h, exclusivamente na bilheteria do Cinema S\u00e3o Luiz. Limite de 1 ingresso por CPF.\nExibi\u00e7\u00e3o externa: Tel\u00e3o montado na \u00e1rea externa, com acesso livre ao p\u00fablico.\nPrograma\u00e7\u00e3o:18h30 \u2013 In\u00edcio do evento e abertura para o p\u00fablico 20h \u2013 Apresenta\u00e7\u00e3o da Pitombeira dos Quatro Cantos 21h \u2013 In\u00edcio da transmiss\u00e3o da premia\u00e7\u00e3o ao viv Ao longo da premia\u00e7\u00e3o \u2013 Interven\u00e7\u00f5es da orquestra de frevo e desfile dos Bonecos Gigantes de Olinda Siga o Instagram @portaledvaldomagalhaes\nFotos: Divulga\u00e7\u00e3o\/Fundarpe\n<\/p>\n","protected":false},"excerpt":{"rendered":"<p>Neste domingo (15.03), o cinema mundial celebra seus destaques com a cerim\u00f4nia do Oscar 2026. Em Pernambuco, a festa tem&hellip;<\/p>\n","protected":false},"author":1,"featured_media":127621,"comment_status":"closed","ping_status":"open","sticky":false,"template":"","format":"standard","meta":{"footnotes":""},"categories":[14122],"tags":[13146,36105,34634],"class_list":["post-127618","post","type-post","status-publish","format-standard","has-post-thumbnail","hentry","category-politica","tag-blog-edvaldo-magalhaes","tag-pernambuco-no-oscar-cinema-sao-luiz-exibe-cerimonia-da-premiacao-com-entrada-gratuita-e-programacao-cultural","tag-portal-edvaldo-magalhaes"],"_links":{"self":[{"href":"https:\/\/blogdoedvaldomagalhaes.com.br\/index.php\/wp-json\/wp\/v2\/posts\/127618","targetHints":{"allow":["GET"]}}],"collection":[{"href":"https:\/\/blogdoedvaldomagalhaes.com.br\/index.php\/wp-json\/wp\/v2\/posts"}],"about":[{"href":"https:\/\/blogdoedvaldomagalhaes.com.br\/index.php\/wp-json\/wp\/v2\/types\/post"}],"author":[{"embeddable":true,"href":"https:\/\/blogdoedvaldomagalhaes.com.br\/index.php\/wp-json\/wp\/v2\/users\/1"}],"replies":[{"embeddable":true,"href":"https:\/\/blogdoedvaldomagalhaes.com.br\/index.php\/wp-json\/wp\/v2\/comments?post=127618"}],"version-history":[{"count":2,"href":"https:\/\/blogdoedvaldomagalhaes.com.br\/index.php\/wp-json\/wp\/v2\/posts\/127618\/revisions"}],"predecessor-version":[{"id":127622,"href":"https:\/\/blogdoedvaldomagalhaes.com.br\/index.php\/wp-json\/wp\/v2\/posts\/127618\/revisions\/127622"}],"wp:featuredmedia":[{"embeddable":true,"href":"https:\/\/blogdoedvaldomagalhaes.com.br\/index.php\/wp-json\/wp\/v2\/media\/127621"}],"wp:attachment":[{"href":"https:\/\/blogdoedvaldomagalhaes.com.br\/index.php\/wp-json\/wp\/v2\/media?parent=127618"}],"wp:term":[{"taxonomy":"category","embeddable":true,"href":"https:\/\/blogdoedvaldomagalhaes.com.br\/index.php\/wp-json\/wp\/v2\/categories?post=127618"},{"taxonomy":"post_tag","embeddable":true,"href":"https:\/\/blogdoedvaldomagalhaes.com.br\/index.php\/wp-json\/wp\/v2\/tags?post=127618"}],"curies":[{"name":"wp","href":"https:\/\/api.w.org\/{rel}","templated":true}]}}