{"id":127616,"date":"2026-03-11T19:55:05","date_gmt":"2026-03-11T22:55:05","guid":{"rendered":"https:\/\/blogdoedvaldomagalhaes.com.br\/?p=127616"},"modified":"2026-03-11T20:18:33","modified_gmt":"2026-03-11T23:18:33","slug":"governadora-raquel-lyra-entrega-dois-andares-e-sala-vermelha-do-hospital-da-restauracao-completamente-requalificados","status":"publish","type":"post","link":"https:\/\/blogdoedvaldomagalhaes.com.br\/index.php\/2026\/03\/11\/governadora-raquel-lyra-entrega-dois-andares-e-sala-vermelha-do-hospital-da-restauracao-completamente-requalificados\/","title":{"rendered":"Governadora Raquel Lyra entrega dois andares e Sala Vermelha do Hospital da Restaura\u00e7\u00e3o completamente requalificados"},"content":{"rendered":"<p>Reestruturando a maior unidade de sa\u00fade de Pernambuco, a governadora Raquel Lyra entregou, nesta quarta-feira (11), a requalifica\u00e7\u00e3o da Sala Vermelha e dos 6\u00ba e 8\u00ba andares do Hospital da Restaura\u00e7\u00e3o (HR), no Recife. Foram investidos R$ 19,4 milh\u00f5es para reforma. Ainda nesta etapa, foram aportados R$ 2,8 milh\u00f5es para equipagem de engenharia cl\u00ednica dos pavimentos. A vice-governadora Priscila Krause acompanhou a entrega.<br \/>\nAo todo, a unidade j\u00e1 recebeu R$ 179 milh\u00f5es em projetos das secretarias de Sa\u00fade e de Projetos Estrat\u00e9gicos, al\u00e9m da Cehab. A governadora destacou os R$ 76,4 milh\u00f5es oriundos da Sa\u00fade, em moderniza\u00e7\u00e3o de equipamentos e infraestrutura.<br \/>\n&#8220;Desde o primeiro dia, t\u00ednhamos a clareza do desafio que \u00e9 a reestrutura\u00e7\u00e3o da sa\u00fade p\u00fablica de Pernambuco, por muito tempo abandonada, e o Hospital da Restaura\u00e7\u00e3o era o grande exemplo disso. Aqui j\u00e1 colocamos cerca de R$ 80 milh\u00f5es, que est\u00e3o em novas macas, novas poltronas, resson\u00e2ncia magn\u00e9tica e muito mais. Isso faz parte de um esfor\u00e7o muito grande de todos os trabalhadores, desde a equipe de projetos, licita\u00e7\u00f5es, at\u00e9 a equipe dos hospitais, porque fazer uma reforma dessa com o hospital em pleno funcionamento n\u00e3o \u00e9 algo simples. Este ser\u00e1 o ano da sa\u00fade p\u00fablica em Pernambuco\u201d, afirmou a governadora Raquel Lyra.<\/p>\n<p><img loading=\"lazy\" decoding=\"async\" src=\"https:\/\/blogdoedvaldomagalhaes.com.br\/wp-content\/uploads\/2026\/03\/img-20260311-wa03523932298123372323220.jpg\" class=\"wp-image-127626 alignnone size-full\" width=\"1600\" height=\"1067\" srcset=\"https:\/\/blogdoedvaldomagalhaes.com.br\/wp-content\/uploads\/2026\/03\/img-20260311-wa03523932298123372323220.jpg 1600w, https:\/\/blogdoedvaldomagalhaes.com.br\/wp-content\/uploads\/2026\/03\/img-20260311-wa03523932298123372323220-300x200.jpg 300w, https:\/\/blogdoedvaldomagalhaes.com.br\/wp-content\/uploads\/2026\/03\/img-20260311-wa03523932298123372323220-1024x683.jpg 1024w, https:\/\/blogdoedvaldomagalhaes.com.br\/wp-content\/uploads\/2026\/03\/img-20260311-wa03523932298123372323220-768x512.jpg 768w, https:\/\/blogdoedvaldomagalhaes.com.br\/wp-content\/uploads\/2026\/03\/img-20260311-wa03523932298123372323220-1536x1024.jpg 1536w\" sizes=\"auto, (max-width: 1600px) 100vw, 1600px\" \/>Todo valor investido foi oriundo de opera\u00e7\u00f5es de cr\u00e9dito feitas pela gest\u00e3o. Com a requalifica\u00e7\u00e3o, os andares passam a ter uma nova e moderna estrutura f\u00edsica. As enfermarias agora contam com sistema de climatiza\u00e7\u00e3o \u2014 algo in\u00e9dito no hospital \u2014 al\u00e9m de piso vin\u00edlico, que facilita a limpeza dos espa\u00e7os e o transporte de pacientes. Ao todo, foram entregues 149 leitos.<br \/>\n&#8220;\u00c9 uma revolu\u00e7\u00e3o na sa\u00fade toda. Todos os equipamentos absolutamente novos para que a gente possa prestar um servi\u00e7o de maior qualidade \u00e0 nossa popula\u00e7\u00e3o. Fazer a reforma de um gigante, como o Hospital da Restaura\u00e7\u00e3o, com ele funcionando, \u00e9 um desafio enorme. Seguimos atendendo as necessidades da assist\u00eancia e mantendo o hospital funcionando e atendendo a popula\u00e7\u00e3o nesse per\u00edodo\u201d, afirmou a secret\u00e1ria de Sa\u00fade, Zilda Cavalcanti.<br \/>\nAl\u00e9m disso, os ambientes foram equipados com novos mobili\u00e1rios e equipamentos hospitalares. Cada andar tamb\u00e9m passou a contar com uma sala de aula, destinada \u00e0 forma\u00e7\u00e3o e capacita\u00e7\u00e3o de profissionais de sa\u00fade. Para o diretor geral da unidade, Dr. Petrus Andrade Lima, isso refor\u00e7a a qualidade do ambiente de trabalho.<br \/>\n&#8220;Hoje \u00e9 uma data bem emblem\u00e1tica. Dois andares de internamento mais a Sala Vermelha da emerg\u00eancia do trauma completamente requalificados, aumentados em sua qualidade e climatizados. \u00c9 o primeiro grande passo dessa grande reforma que o HR, o maior hospital de trauma do norte-nordeste, recebe. N\u00e3o s\u00f3 trazendo conforto aos pacientes, mas tamb\u00e9m conforto aos servidores que aqui trabalham\u201d, afirmou o diretor.<\/p>\n<p><img loading=\"lazy\" decoding=\"async\" src=\"https:\/\/blogdoedvaldomagalhaes.com.br\/wp-content\/uploads\/2026\/03\/img-20260311-wa0351582011112931748613.jpg\" class=\"wp-image-127627 alignnone size-full\" width=\"1600\" height=\"1067\" srcset=\"https:\/\/blogdoedvaldomagalhaes.com.br\/wp-content\/uploads\/2026\/03\/img-20260311-wa0351582011112931748613.jpg 1600w, https:\/\/blogdoedvaldomagalhaes.com.br\/wp-content\/uploads\/2026\/03\/img-20260311-wa0351582011112931748613-300x200.jpg 300w, https:\/\/blogdoedvaldomagalhaes.com.br\/wp-content\/uploads\/2026\/03\/img-20260311-wa0351582011112931748613-1024x683.jpg 1024w, https:\/\/blogdoedvaldomagalhaes.com.br\/wp-content\/uploads\/2026\/03\/img-20260311-wa0351582011112931748613-768x512.jpg 768w, https:\/\/blogdoedvaldomagalhaes.com.br\/wp-content\/uploads\/2026\/03\/img-20260311-wa0351582011112931748613-1536x1024.jpg 1536w\" sizes=\"auto, (max-width: 1600px) 100vw, 1600px\" \/>Ainda no HR, a gestora tamb\u00e9m entregou a requalifica\u00e7\u00e3o da Sala Vermelha da Emerg\u00eancia Geral da unidade. Localizado no 1\u00ba andar, o espa\u00e7o \u00e9 a principal porta de entrada do hospital para pacientes em estado cr\u00edtico, como v\u00edtimas de grandes traumas. O setor passou por requalifica\u00e7\u00e3o estrutural, moderniza\u00e7\u00e3o do layout assistencial e reorganiza\u00e7\u00e3o estrat\u00e9gica do espa\u00e7o, que possui cerca de 180 metros quadrados e 12 leitos voltados ao atendimento imediato de casos graves.<br \/>\nPresente da inaugura\u00e7\u00e3o, o senador Fernando Dueire destacou as entregas feitas pela gest\u00e3o. \u201c\u00c9 um governo que entrega na ponta. N\u00f3s estamos num hospital que \u00e9 o maior de trauma do Nordeste, e ele n\u00e3o estava bem. E a gest\u00e3o faz com que n\u00f3s tenhamos hoje o HR sendo restaurado. Isso \u00e9 um compromisso desde o primeiro momento em que assumiu o Governo de Pernambuco\u201d, disse. J\u00e1 a deputada estadual Socorro Pimentel destacou o ineditismo do aporte. \u201cTemos um hospital de mais de cinco d\u00e9cadas e durante todo esse tempo n\u00e3o houve nenhum outro investimento que chegasse aos p\u00e9s deste t\u00e3o robusto que o Governo de Pernambuco fez nesse momento\u201d, acrescentou.<br \/>\nOutros setores do HR tamb\u00e9m passaram por requalifica\u00e7\u00e3o recentemente, como a ala norte do 7\u00b0 andar, UTI Pedi\u00e1trica, o Servi\u00e7o de Anatomia Patol\u00f3gica, a Endoscopia e as salas de ultrassom e de processamento de imagem. Todos esses espa\u00e7os receberam novos materiais e equipamentos. Al\u00e9m disso, tamb\u00e9m est\u00e1 sendo feita a recupera\u00e7\u00e3o da fachada, que conta com investimento de R$ 12,4 milh\u00f5es, e a reforma do 4\u00ba andar<\/p>\n<p><img loading=\"lazy\" decoding=\"async\" src=\"https:\/\/blogdoedvaldomagalhaes.com.br\/wp-content\/uploads\/2026\/03\/img-20260311-wa0353828983832643357510.jpg\" class=\"wp-image-127628 alignnone size-full\" width=\"1600\" height=\"1067\" srcset=\"https:\/\/blogdoedvaldomagalhaes.com.br\/wp-content\/uploads\/2026\/03\/img-20260311-wa0353828983832643357510.jpg 1600w, https:\/\/blogdoedvaldomagalhaes.com.br\/wp-content\/uploads\/2026\/03\/img-20260311-wa0353828983832643357510-300x200.jpg 300w, https:\/\/blogdoedvaldomagalhaes.com.br\/wp-content\/uploads\/2026\/03\/img-20260311-wa0353828983832643357510-1024x683.jpg 1024w, https:\/\/blogdoedvaldomagalhaes.com.br\/wp-content\/uploads\/2026\/03\/img-20260311-wa0353828983832643357510-768x512.jpg 768w, https:\/\/blogdoedvaldomagalhaes.com.br\/wp-content\/uploads\/2026\/03\/img-20260311-wa0353828983832643357510-1536x1024.jpg 1536w\" sizes=\"auto, (max-width: 1600px) 100vw, 1600px\" \/>NOVO PR\u00c9DIO \u2013 O projeto de requalifica\u00e7\u00e3o do Hospital da Restaura\u00e7\u00e3o foi anunciado pela governadora e prev\u00ea novas interven\u00e7\u00f5es estruturais nos pr\u00f3ximos anos. Est\u00e1 em planejamento a constru\u00e7\u00e3o de um novo pr\u00e9dio integrado ao complexo hospitalar, com \u00e1rea estimada em 14,5 mil metros quadrados. O edif\u00edcio ter\u00e1 210 novos leitos, sendo 130 de UTI, 60 de enfermaria e 20 destinados ao atendimento emergencial.<br \/>\nJ\u00e1 com licita\u00e7\u00e3o em andamento e investimento estimado em R$ 65 milh\u00f5es, o Hospital da Restaura\u00e7\u00e3o ganhar\u00e1 duas novas torres de elevadores e escadas, que v\u00e3o reduzir o tempo de deslocamento de pacientes entre os pavimentos e acrescentar seis novos elevadores \u00e0 unidade.<br \/>\nTamb\u00e9m acompanharam as entregas o secret\u00e1rio estadual Rodrigo Ribeiro (Projetos Estrat\u00e9gicos), os deputados estaduais Luciano Duque e Henrique Queiroz Filho, os prefeitos Elcione Ramos (Igarassu) e J\u00fanior de Irm\u00e3 Teca (Itapissuma) e o vice-prefeito de Olinda, Chiquinho; al\u00e9m dos vereadores do Recife, Davi Muniz e Alcides Teixeira. Siga o Instagram @portaledvaldomagalhaes<br \/>\nFotos: Jana\u00edna Pepeu\/Secom<\/p>\n","protected":false},"excerpt":{"rendered":"<p>Reestruturando a maior unidade de sa\u00fade de Pernambuco, a governadora Raquel Lyra entregou, nesta quarta-feira (11), a requalifica\u00e7\u00e3o da Sala&hellip;<\/p>\n","protected":false},"author":1,"featured_media":127624,"comment_status":"closed","ping_status":"open","sticky":false,"template":"","format":"standard","meta":{"footnotes":""},"categories":[14122],"tags":[13146,36106,34634],"class_list":["post-127616","post","type-post","status-publish","format-standard","has-post-thumbnail","hentry","category-politica","tag-blog-edvaldo-magalhaes","tag-governadora-raquel-lyra-entrega-dois-andares-e-sala-vermelha-do-hospital-da-restauracao-completamente-requalificados","tag-portal-edvaldo-magalhaes"],"_links":{"self":[{"href":"https:\/\/blogdoedvaldomagalhaes.com.br\/index.php\/wp-json\/wp\/v2\/posts\/127616","targetHints":{"allow":["GET"]}}],"collection":[{"href":"https:\/\/blogdoedvaldomagalhaes.com.br\/index.php\/wp-json\/wp\/v2\/posts"}],"about":[{"href":"https:\/\/blogdoedvaldomagalhaes.com.br\/index.php\/wp-json\/wp\/v2\/types\/post"}],"author":[{"embeddable":true,"href":"https:\/\/blogdoedvaldomagalhaes.com.br\/index.php\/wp-json\/wp\/v2\/users\/1"}],"replies":[{"embeddable":true,"href":"https:\/\/blogdoedvaldomagalhaes.com.br\/index.php\/wp-json\/wp\/v2\/comments?post=127616"}],"version-history":[{"count":4,"href":"https:\/\/blogdoedvaldomagalhaes.com.br\/index.php\/wp-json\/wp\/v2\/posts\/127616\/revisions"}],"predecessor-version":[{"id":127629,"href":"https:\/\/blogdoedvaldomagalhaes.com.br\/index.php\/wp-json\/wp\/v2\/posts\/127616\/revisions\/127629"}],"wp:featuredmedia":[{"embeddable":true,"href":"https:\/\/blogdoedvaldomagalhaes.com.br\/index.php\/wp-json\/wp\/v2\/media\/127624"}],"wp:attachment":[{"href":"https:\/\/blogdoedvaldomagalhaes.com.br\/index.php\/wp-json\/wp\/v2\/media?parent=127616"}],"wp:term":[{"taxonomy":"category","embeddable":true,"href":"https:\/\/blogdoedvaldomagalhaes.com.br\/index.php\/wp-json\/wp\/v2\/categories?post=127616"},{"taxonomy":"post_tag","embeddable":true,"href":"https:\/\/blogdoedvaldomagalhaes.com.br\/index.php\/wp-json\/wp\/v2\/tags?post=127616"}],"curies":[{"name":"wp","href":"https:\/\/api.w.org\/{rel}","templated":true}]}}