{"id":127611,"date":"2026-03-11T17:32:44","date_gmt":"2026-03-11T20:32:44","guid":{"rendered":"https:\/\/blogdoedvaldomagalhaes.com.br\/?p=127611"},"modified":"2026-03-11T18:13:31","modified_gmt":"2026-03-11T21:13:31","slug":"vereador-cabo-cardoso-confirma-pre-candidatura-a-deputado-estadual-pelo-avante","status":"publish","type":"post","link":"https:\/\/blogdoedvaldomagalhaes.com.br\/index.php\/2026\/03\/11\/vereador-cabo-cardoso-confirma-pre-candidatura-a-deputado-estadual-pelo-avante\/","title":{"rendered":"Vereador Cabo Cardoso confirma pr\u00e9-candidatura a deputado estadual pelo Avante"},"content":{"rendered":"<p>O vereador Cabo Cardoso confirmou sua pr\u00e9-candidatura a deputado estadual pelo Avante em Pernambuco. A confirma\u00e7\u00e3o aconteceu durante uma reuni\u00e3o na sede do partido, em Recife, ao lado do presidente estadual da legenda, Sebasti\u00e3o Oliveira.<\/p>\n<p>Durante o encontro, Cabo Cardoso reafirmou seu compromisso com essa nova miss\u00e3o e destacou que seguir\u00e1 trabalhando com dedica\u00e7\u00e3o em defesa do povo pernambucano, com aten\u00e7\u00e3o especial \u00e0 seguran\u00e7a p\u00fablica e \u00e0 valoriza\u00e7\u00e3o dos profissionais que fazem parte da fam\u00edlia policial militar.<\/p>\n<p>Com atua\u00e7\u00e3o destacada em Caruaru, o vereador vem consolidando sua trajet\u00f3ria pol\u00edtica baseada na disciplina, no compromisso e no servi\u00e7o \u00e0 popula\u00e7\u00e3o. A pr\u00e9-candidatura surge como um novo passo para ampliar essa atua\u00e7\u00e3o no cen\u00e1rio estadual.<\/p>\n<p>\u201cMiss\u00e3o dada \u00e9 miss\u00e3o cumprida\u201d, afirmou Cabo Cardoso, refor\u00e7ando que a decis\u00e3o representa o fortalecimento de um projeto pol\u00edtico que busca representar Caruaru e todo Pernambuco na Assembleia Legislativa.<\/p>\n<p>A pr\u00e9-candidatura tamb\u00e9m conta com o apoio da dire\u00e7\u00e3o estadual do Avante, sob a lideran\u00e7a de Sebasti\u00e3o Oliveira, fortalecendo o projeto pol\u00edtico do partido no estado.<br \/>\nSiga o Instagram @portaledvaldomagalhaes<br \/>\nFoto: Divulga\u00e7\u00e3o<\/p>\n","protected":false},"excerpt":{"rendered":"<p>O vereador Cabo Cardoso confirmou sua pr\u00e9-candidatura a deputado estadual pelo Avante em Pernambuco. A confirma\u00e7\u00e3o aconteceu durante uma reuni\u00e3o&hellip;<\/p>\n","protected":false},"author":1,"featured_media":127613,"comment_status":"closed","ping_status":"open","sticky":false,"template":"","format":"standard","meta":{"footnotes":""},"categories":[14122],"tags":[13146,20,34634],"class_list":["post-127611","post","type-post","status-publish","format-standard","has-post-thumbnail","hentry","category-politica","tag-blog-edvaldo-magalhaes","tag-politica","tag-portal-edvaldo-magalhaes"],"_links":{"self":[{"href":"https:\/\/blogdoedvaldomagalhaes.com.br\/index.php\/wp-json\/wp\/v2\/posts\/127611","targetHints":{"allow":["GET"]}}],"collection":[{"href":"https:\/\/blogdoedvaldomagalhaes.com.br\/index.php\/wp-json\/wp\/v2\/posts"}],"about":[{"href":"https:\/\/blogdoedvaldomagalhaes.com.br\/index.php\/wp-json\/wp\/v2\/types\/post"}],"author":[{"embeddable":true,"href":"https:\/\/blogdoedvaldomagalhaes.com.br\/index.php\/wp-json\/wp\/v2\/users\/1"}],"replies":[{"embeddable":true,"href":"https:\/\/blogdoedvaldomagalhaes.com.br\/index.php\/wp-json\/wp\/v2\/comments?post=127611"}],"version-history":[{"count":3,"href":"https:\/\/blogdoedvaldomagalhaes.com.br\/index.php\/wp-json\/wp\/v2\/posts\/127611\/revisions"}],"predecessor-version":[{"id":127614,"href":"https:\/\/blogdoedvaldomagalhaes.com.br\/index.php\/wp-json\/wp\/v2\/posts\/127611\/revisions\/127614"}],"wp:featuredmedia":[{"embeddable":true,"href":"https:\/\/blogdoedvaldomagalhaes.com.br\/index.php\/wp-json\/wp\/v2\/media\/127613"}],"wp:attachment":[{"href":"https:\/\/blogdoedvaldomagalhaes.com.br\/index.php\/wp-json\/wp\/v2\/media?parent=127611"}],"wp:term":[{"taxonomy":"category","embeddable":true,"href":"https:\/\/blogdoedvaldomagalhaes.com.br\/index.php\/wp-json\/wp\/v2\/categories?post=127611"},{"taxonomy":"post_tag","embeddable":true,"href":"https:\/\/blogdoedvaldomagalhaes.com.br\/index.php\/wp-json\/wp\/v2\/tags?post=127611"}],"curies":[{"name":"wp","href":"https:\/\/api.w.org\/{rel}","templated":true}]}}