{"id":127607,"date":"2026-03-11T14:07:45","date_gmt":"2026-03-11T17:07:45","guid":{"rendered":"https:\/\/blogdoedvaldomagalhaes.com.br\/?p=127607"},"modified":"2026-03-11T14:56:59","modified_gmt":"2026-03-11T17:56:59","slug":"ministerio-da-justica-solicita-ao-cade-analise-sobre-aumento-no-preco-dos-combustiveis","status":"publish","type":"post","link":"https:\/\/blogdoedvaldomagalhaes.com.br\/index.php\/2026\/03\/11\/ministerio-da-justica-solicita-ao-cade-analise-sobre-aumento-no-preco-dos-combustiveis\/","title":{"rendered":"Minist\u00e9rio da Justi\u00e7a solicita ao Cade an\u00e1lise sobre aumento no pre\u00e7o dos  combust\u00edveis"},"content":{"rendered":"<p>A Secretaria Nacional do Consumidor (Senacon), do Minist\u00e9rio da Justi\u00e7a e Seguran\u00e7a P\u00fablica (MJSP), enviou um of\u00edcio ao Conselho Administrativo de Defesa Econ\u00f4mica (Cade) solicitando a an\u00e1lise de recentes aumentos nos pre\u00e7os dos combust\u00edveis registrados em quatro estados e no Distrito Federal.<\/p>\n<p>O pedido foi encaminhado ap\u00f3s declara\u00e7\u00f5es p\u00fablicas de representantes de sindicatos (Sindicombust\u00edveis-DF, Sindicombust\u00edveis Bahia, Sindipostos-RN, Minaspetro -MG e Sulpetro -RS) informarem que distribuidoras elevaram os pre\u00e7os de venda para os postos sob a justificativa de alta no pre\u00e7o internacional do petr\u00f3leo, associada ao conflito iniciado em 28 de fevereiro de 2026 no Oriente M\u00e9dio.<\/p>\n<p>At\u00e9 o momento, por\u00e9m, a Petrobras n\u00e3o anunciou aumento nos pre\u00e7os praticados em suas refinarias.<\/p>\n<p>Diante desse cen\u00e1rio, a Senacon solicitou que o Cade avalie a exist\u00eancia de poss\u00edveis ind\u00edcios de pr\u00e1ticas que possam prejudicar a livre concorr\u00eancia no mercado, e que podem indicar tentativa de influ\u00eancia \u00e0 ado\u00e7\u00e3o de conduta comercial uniforme ou combinada entre concorrentes.<\/p>\n<p>A Secretaria ressalta que o pedido decorre do monitoramento realizado continuamente pelos \u00f3rg\u00e3os respons\u00e1veis, com o objetivo de garantir transpar\u00eancia nas pr\u00e1ticas comerciais e proteger os consumidores.<br \/>\nFonte: Senacon.<br \/>\nSiga o Instagram @portaledvaldomagalhaes<br \/>\nFoto: Portal Edvaldo Magalh\u00e3es<\/p>\n","protected":false},"excerpt":{"rendered":"<p>A Secretaria Nacional do Consumidor (Senacon), do Minist\u00e9rio da Justi\u00e7a e Seguran\u00e7a P\u00fablica (MJSP), enviou um of\u00edcio ao Conselho Administrativo&hellip;<\/p>\n","protected":false},"author":1,"featured_media":127608,"comment_status":"closed","ping_status":"open","sticky":false,"template":"","format":"standard","meta":{"footnotes":""},"categories":[14120],"tags":[13146,36103,34634],"class_list":["post-127607","post","type-post","status-publish","format-standard","has-post-thumbnail","hentry","category-noticias","tag-blog-edvaldo-magalhaes","tag-ministerio-da-justica-solicita-ao-cade-analise-sobre-aumento-no-preco-dos-combustiveis","tag-portal-edvaldo-magalhaes"],"_links":{"self":[{"href":"https:\/\/blogdoedvaldomagalhaes.com.br\/index.php\/wp-json\/wp\/v2\/posts\/127607","targetHints":{"allow":["GET"]}}],"collection":[{"href":"https:\/\/blogdoedvaldomagalhaes.com.br\/index.php\/wp-json\/wp\/v2\/posts"}],"about":[{"href":"https:\/\/blogdoedvaldomagalhaes.com.br\/index.php\/wp-json\/wp\/v2\/types\/post"}],"author":[{"embeddable":true,"href":"https:\/\/blogdoedvaldomagalhaes.com.br\/index.php\/wp-json\/wp\/v2\/users\/1"}],"replies":[{"embeddable":true,"href":"https:\/\/blogdoedvaldomagalhaes.com.br\/index.php\/wp-json\/wp\/v2\/comments?post=127607"}],"version-history":[{"count":2,"href":"https:\/\/blogdoedvaldomagalhaes.com.br\/index.php\/wp-json\/wp\/v2\/posts\/127607\/revisions"}],"predecessor-version":[{"id":127610,"href":"https:\/\/blogdoedvaldomagalhaes.com.br\/index.php\/wp-json\/wp\/v2\/posts\/127607\/revisions\/127610"}],"wp:featuredmedia":[{"embeddable":true,"href":"https:\/\/blogdoedvaldomagalhaes.com.br\/index.php\/wp-json\/wp\/v2\/media\/127608"}],"wp:attachment":[{"href":"https:\/\/blogdoedvaldomagalhaes.com.br\/index.php\/wp-json\/wp\/v2\/media?parent=127607"}],"wp:term":[{"taxonomy":"category","embeddable":true,"href":"https:\/\/blogdoedvaldomagalhaes.com.br\/index.php\/wp-json\/wp\/v2\/categories?post=127607"},{"taxonomy":"post_tag","embeddable":true,"href":"https:\/\/blogdoedvaldomagalhaes.com.br\/index.php\/wp-json\/wp\/v2\/tags?post=127607"}],"curies":[{"name":"wp","href":"https:\/\/api.w.org\/{rel}","templated":true}]}}