{"id":127604,"date":"2026-03-11T13:33:22","date_gmt":"2026-03-11T16:33:22","guid":{"rendered":"https:\/\/blogdoedvaldomagalhaes.com.br\/?p=127604"},"modified":"2026-03-11T13:35:01","modified_gmt":"2026-03-11T16:35:01","slug":"apae-cachoeirinha-recebe-doacao-de-instituicao-pro-vida-em-sao-paulo","status":"publish","type":"post","link":"https:\/\/blogdoedvaldomagalhaes.com.br\/index.php\/2026\/03\/11\/apae-cachoeirinha-recebe-doacao-de-instituicao-pro-vida-em-sao-paulo\/","title":{"rendered":"Apae Cachoeirinha recebe doa\u00e7\u00e3o de institui\u00e7\u00e3o PR\u00d3-VIDA em S\u00e3o Paulo"},"content":{"rendered":"<p><span style=\"font-size: revert;\">No \u00faltimo dia 28 de fevereiro a Apae Cachoeirinha esteve na sede mundial da PR\u00d3-VIDA- Central geral do d\u00edzimo, na cidade de S\u00e3o Paulo. O objetivo da visita foi o recebimento de doa\u00e7\u00e3o de materiais destinados \u00e0 constru\u00e7\u00e3o de um Centro Hidroter\u00e1pico e de um Consult\u00f3rio Odontol\u00f3gico, materiais que servir\u00e3o para o fortalecimento e amplia\u00e7\u00e3o dos servi\u00e7os especializados oferecidos \u00e0s pessoas com defici\u00eancia atendidas pela institui\u00e7\u00e3o.<\/span><\/p>\n<p>A conquista \u00e9 resultado de um trabalho realizado h\u00e1 cerca de 02 anos com a articula\u00e7\u00e3o direta entre Apae Cachoeirinha e a Central geral do d\u00edzimo, durante esse tempo foram realizados diversos encaminhamentos e acompanhamentos institucionais com o objetivo de garantir melhores condi\u00e7\u00f5es estruturais e terap\u00eauticas para as pessoas atendidas. A implanta\u00e7\u00e3o do Centro Hidroter\u00e1pico permitir\u00e1 a realiza\u00e7\u00e3o de terapias aqu\u00e1ticas especializadas voltadas ao desenvolvimento motor, \u00e0 reabilita\u00e7\u00e3o f\u00edsica e \u00e0 melhoria da qualidade de vida das pessoas com defici\u00eancias m\u00faltiplas atendidas pela institui\u00e7\u00e3o. J\u00e1 o Consult\u00f3rio Odontol\u00f3gico ampliar\u00e1 o acesso a servi\u00e7os de sa\u00fade bucal adaptados, contribuindo para o cuidado integral dos usu\u00e1rios.<\/p>\n<p>A PR\u00d3-VIDA &#8211; Central Geral do D\u00edzimo \u00e9 um movimento criado pelo Dr. Celso Charuri em 1978, focado no desenvolvimento mental e na melhoria do ser humano para, consequentemente, melhorar o mundo. \u00c9 uma organiza\u00e7\u00e3o sem fins lucrativos que promove o aprimoramento intelectual e o altru\u00edsmo atrav\u00e9s de treinamentos e doa\u00e7\u00f5es. A institui\u00e7\u00e3o destina os recursos arrecadados para doa\u00e7\u00f5es, como equipamentos, materiais e infraestrutura, beneficiando diversas institui\u00e7\u00f5es filantr\u00f3picas, ONGs e entidades de assist\u00eancia social no Brasil e nos Estados Unidos. A doa\u00e7\u00e3o trar\u00e1 benef\u00edcios significativos \u00e0s pessoas com defici\u00eancia atendidas pela institui\u00e7\u00e3o e \u00e0s suas fam\u00edlias.<br \/>\nSiga o Instagram @portaledvaldomagalhaes<br \/>\nFoto: Divulga\u00e7\u00e3o<\/p>\n","protected":false},"excerpt":{"rendered":"<p>No \u00faltimo dia 28 de fevereiro a Apae Cachoeirinha esteve na sede mundial da PR\u00d3-VIDA- Central geral do d\u00edzimo, na&hellip;<\/p>\n","protected":false},"author":1,"featured_media":127606,"comment_status":"closed","ping_status":"open","sticky":false,"template":"","format":"standard","meta":{"footnotes":""},"categories":[14120],"tags":[13146,34634],"class_list":["post-127604","post","type-post","status-publish","format-standard","has-post-thumbnail","hentry","category-noticias","tag-blog-edvaldo-magalhaes","tag-portal-edvaldo-magalhaes"],"_links":{"self":[{"href":"https:\/\/blogdoedvaldomagalhaes.com.br\/index.php\/wp-json\/wp\/v2\/posts\/127604","targetHints":{"allow":["GET"]}}],"collection":[{"href":"https:\/\/blogdoedvaldomagalhaes.com.br\/index.php\/wp-json\/wp\/v2\/posts"}],"about":[{"href":"https:\/\/blogdoedvaldomagalhaes.com.br\/index.php\/wp-json\/wp\/v2\/types\/post"}],"author":[{"embeddable":true,"href":"https:\/\/blogdoedvaldomagalhaes.com.br\/index.php\/wp-json\/wp\/v2\/users\/1"}],"replies":[{"embeddable":true,"href":"https:\/\/blogdoedvaldomagalhaes.com.br\/index.php\/wp-json\/wp\/v2\/comments?post=127604"}],"version-history":[{"count":1,"href":"https:\/\/blogdoedvaldomagalhaes.com.br\/index.php\/wp-json\/wp\/v2\/posts\/127604\/revisions"}],"predecessor-version":[{"id":127605,"href":"https:\/\/blogdoedvaldomagalhaes.com.br\/index.php\/wp-json\/wp\/v2\/posts\/127604\/revisions\/127605"}],"wp:featuredmedia":[{"embeddable":true,"href":"https:\/\/blogdoedvaldomagalhaes.com.br\/index.php\/wp-json\/wp\/v2\/media\/127606"}],"wp:attachment":[{"href":"https:\/\/blogdoedvaldomagalhaes.com.br\/index.php\/wp-json\/wp\/v2\/media?parent=127604"}],"wp:term":[{"taxonomy":"category","embeddable":true,"href":"https:\/\/blogdoedvaldomagalhaes.com.br\/index.php\/wp-json\/wp\/v2\/categories?post=127604"},{"taxonomy":"post_tag","embeddable":true,"href":"https:\/\/blogdoedvaldomagalhaes.com.br\/index.php\/wp-json\/wp\/v2\/tags?post=127604"}],"curies":[{"name":"wp","href":"https:\/\/api.w.org\/{rel}","templated":true}]}}