{"id":127601,"date":"2026-03-11T12:41:04","date_gmt":"2026-03-11T15:41:04","guid":{"rendered":"https:\/\/blogdoedvaldomagalhaes.com.br\/?p=127601"},"modified":"2026-03-11T12:41:04","modified_gmt":"2026-03-11T15:41:04","slug":"prefeito-de-caruaru-confirma-gusttavo-lima-no-sao-joao-2026","status":"publish","type":"post","link":"https:\/\/blogdoedvaldomagalhaes.com.br\/index.php\/2026\/03\/11\/prefeito-de-caruaru-confirma-gusttavo-lima-no-sao-joao-2026\/","title":{"rendered":"Prefeito de Caruaru confirma Gusttavo Lima no S\u00e3o Jo\u00e3o 2026"},"content":{"rendered":"<p>O prefeito de Caruaru, Rodrigo Pinheiro, usou novamente as redes sociais nesta ter\u00e7a-feira (10) para anunciar mais uma atra\u00e7\u00e3o do S\u00e3o Jo\u00e3o 2026. Ele confirmou o cantor Gusttavo Lima como uma das atra\u00e7\u00f5es da festa.<br \/>\nO artista j\u00e1 participou de outras edi\u00e7\u00f5es do evento e retorna \u00e0 programa\u00e7\u00e3o deste ano. O lan\u00e7amento do S\u00e3o Jo\u00e3o ocorrer\u00e1 no pr\u00f3ximo dia 19, quando toda programa\u00e7\u00e3o ser\u00e1 divulgada. Foto: Divulga\u00e7\u00e3o<br \/>\nSiga o Instagram @portaledvaldomagalhaes<\/p>\n","protected":false},"excerpt":{"rendered":"<p>O prefeito de Caruaru, Rodrigo Pinheiro, usou novamente as redes sociais nesta ter\u00e7a-feira (10) para anunciar mais uma atra\u00e7\u00e3o do&hellip;<\/p>\n","protected":false},"author":1,"featured_media":127602,"comment_status":"closed","ping_status":"open","sticky":false,"template":"","format":"standard","meta":{"footnotes":""},"categories":[14120],"tags":[13146,34634,36102,6758],"class_list":["post-127601","post","type-post","status-publish","format-standard","has-post-thumbnail","hentry","category-noticias","tag-blog-edvaldo-magalhaes","tag-portal-edvaldo-magalhaes","tag-prefeito-de-caruaru-confirma-gusttavo-lima-no-sao-joao-2026","tag-sao-joao"],"_links":{"self":[{"href":"https:\/\/blogdoedvaldomagalhaes.com.br\/index.php\/wp-json\/wp\/v2\/posts\/127601","targetHints":{"allow":["GET"]}}],"collection":[{"href":"https:\/\/blogdoedvaldomagalhaes.com.br\/index.php\/wp-json\/wp\/v2\/posts"}],"about":[{"href":"https:\/\/blogdoedvaldomagalhaes.com.br\/index.php\/wp-json\/wp\/v2\/types\/post"}],"author":[{"embeddable":true,"href":"https:\/\/blogdoedvaldomagalhaes.com.br\/index.php\/wp-json\/wp\/v2\/users\/1"}],"replies":[{"embeddable":true,"href":"https:\/\/blogdoedvaldomagalhaes.com.br\/index.php\/wp-json\/wp\/v2\/comments?post=127601"}],"version-history":[{"count":1,"href":"https:\/\/blogdoedvaldomagalhaes.com.br\/index.php\/wp-json\/wp\/v2\/posts\/127601\/revisions"}],"predecessor-version":[{"id":127603,"href":"https:\/\/blogdoedvaldomagalhaes.com.br\/index.php\/wp-json\/wp\/v2\/posts\/127601\/revisions\/127603"}],"wp:featuredmedia":[{"embeddable":true,"href":"https:\/\/blogdoedvaldomagalhaes.com.br\/index.php\/wp-json\/wp\/v2\/media\/127602"}],"wp:attachment":[{"href":"https:\/\/blogdoedvaldomagalhaes.com.br\/index.php\/wp-json\/wp\/v2\/media?parent=127601"}],"wp:term":[{"taxonomy":"category","embeddable":true,"href":"https:\/\/blogdoedvaldomagalhaes.com.br\/index.php\/wp-json\/wp\/v2\/categories?post=127601"},{"taxonomy":"post_tag","embeddable":true,"href":"https:\/\/blogdoedvaldomagalhaes.com.br\/index.php\/wp-json\/wp\/v2\/tags?post=127601"}],"curies":[{"name":"wp","href":"https:\/\/api.w.org\/{rel}","templated":true}]}}