{"id":127594,"date":"2026-03-11T11:29:30","date_gmt":"2026-03-11T14:29:30","guid":{"rendered":"https:\/\/blogdoedvaldomagalhaes.com.br\/?p=127594"},"modified":"2026-03-11T11:29:30","modified_gmt":"2026-03-11T14:29:30","slug":"homem-e-preso-apos-tentativa-de-sequestro-de-crianca","status":"publish","type":"post","link":"https:\/\/blogdoedvaldomagalhaes.com.br\/index.php\/2026\/03\/11\/homem-e-preso-apos-tentativa-de-sequestro-de-crianca\/","title":{"rendered":"Homem \u00e9 preso ap\u00f3s tentativa de sequestro de crian\u00e7a"},"content":{"rendered":"<p>Na manh\u00e3 dessa ter\u00e7a-feira (10.03), foi preso um homem, suspeito de tentar sequestrar uma crian\u00e7a de apenas 5 anos, no Centro do munic\u00edpio de Ipubi, no Sert\u00e3o de Pernambuco.<\/p>\n<p>De acordo com informa\u00e7\u00f5es, a tentativa de sequestro teria acontecido na Rua S\u00e3o Luiz, onde o suspeito teria abordado a crian\u00e7a e a convencido a acompanh\u00e1-lo. A a\u00e7\u00e3o foi interrompida quando uma mulher, percebeu a situa\u00e7\u00e3o suspeita e come\u00e7ou a gritar. Diante da rea\u00e7\u00e3o, o acusado soltou a crian\u00e7a e fugiu do local. <\/p>\n<p>Ap\u00f3s dilig\u00eancias realizadas pelas equipes, o poss\u00edvel autor foi identificado e localizado. Durante a abordagem, os policiais encontraram uma arma branca, al\u00e9m de 27 preservativos e um lubrificante \u00edntimo. Ele foi conduzido \u00e0 Delegacia de Pol\u00edcia Civil, onde foram adotadas as medidas cab\u00edveis. Foto: Divulga\u00e7\u00e3o\/PMPE<br \/>\nSiga o Instagram @portaledvaldomagalhaes<\/p>\n","protected":false},"excerpt":{"rendered":"<p>Na manh\u00e3 dessa ter\u00e7a-feira (10.03), foi preso um homem, suspeito de tentar sequestrar uma crian\u00e7a de apenas 5 anos, no&hellip;<\/p>\n","protected":false},"author":1,"featured_media":127595,"comment_status":"closed","ping_status":"open","sticky":false,"template":"","format":"standard","meta":{"footnotes":""},"categories":[14121],"tags":[13146,36091,34634],"class_list":["post-127594","post","type-post","status-publish","format-standard","has-post-thumbnail","hentry","category-policial","tag-blog-edvaldo-magalhaes","tag-homem-e-preso-apos-tentativa-de-sequestro-de-crianca","tag-portal-edvaldo-magalhaes"],"_links":{"self":[{"href":"https:\/\/blogdoedvaldomagalhaes.com.br\/index.php\/wp-json\/wp\/v2\/posts\/127594","targetHints":{"allow":["GET"]}}],"collection":[{"href":"https:\/\/blogdoedvaldomagalhaes.com.br\/index.php\/wp-json\/wp\/v2\/posts"}],"about":[{"href":"https:\/\/blogdoedvaldomagalhaes.com.br\/index.php\/wp-json\/wp\/v2\/types\/post"}],"author":[{"embeddable":true,"href":"https:\/\/blogdoedvaldomagalhaes.com.br\/index.php\/wp-json\/wp\/v2\/users\/1"}],"replies":[{"embeddable":true,"href":"https:\/\/blogdoedvaldomagalhaes.com.br\/index.php\/wp-json\/wp\/v2\/comments?post=127594"}],"version-history":[{"count":1,"href":"https:\/\/blogdoedvaldomagalhaes.com.br\/index.php\/wp-json\/wp\/v2\/posts\/127594\/revisions"}],"predecessor-version":[{"id":127596,"href":"https:\/\/blogdoedvaldomagalhaes.com.br\/index.php\/wp-json\/wp\/v2\/posts\/127594\/revisions\/127596"}],"wp:featuredmedia":[{"embeddable":true,"href":"https:\/\/blogdoedvaldomagalhaes.com.br\/index.php\/wp-json\/wp\/v2\/media\/127595"}],"wp:attachment":[{"href":"https:\/\/blogdoedvaldomagalhaes.com.br\/index.php\/wp-json\/wp\/v2\/media?parent=127594"}],"wp:term":[{"taxonomy":"category","embeddable":true,"href":"https:\/\/blogdoedvaldomagalhaes.com.br\/index.php\/wp-json\/wp\/v2\/categories?post=127594"},{"taxonomy":"post_tag","embeddable":true,"href":"https:\/\/blogdoedvaldomagalhaes.com.br\/index.php\/wp-json\/wp\/v2\/tags?post=127594"}],"curies":[{"name":"wp","href":"https:\/\/api.w.org\/{rel}","templated":true}]}}