{"id":127588,"date":"2026-03-10T21:49:47","date_gmt":"2026-03-11T00:49:47","guid":{"rendered":"https:\/\/blogdoedvaldomagalhaes.com.br\/?p=127588"},"modified":"2026-03-10T21:49:47","modified_gmt":"2026-03-11T00:49:47","slug":"operacao-de-combate-ao-furto-de-agua-e-deflagrada-em-caruaru","status":"publish","type":"post","link":"https:\/\/blogdoedvaldomagalhaes.com.br\/index.php\/2026\/03\/10\/operacao-de-combate-ao-furto-de-agua-e-deflagrada-em-caruaru\/","title":{"rendered":"Opera\u00e7\u00e3o de combate ao furto de \u00e1gua \u00e9 deflagrada em Caruaru"},"content":{"rendered":"<p>Uma opera\u00e7\u00e3o de combate ao furto de \u00e1gua realizada pela Compesa em parceria com a Pol\u00edcia Civil de Pernambuco foi deflagrada, nesta ter\u00e7a-feira (10.03), ap\u00f3s autoriza\u00e7\u00e3o judicial, no munic\u00edpio de Caruaru, Agreste do Estado. A a\u00e7\u00e3o, que integra a terceira fase de uma opera\u00e7\u00e3o na regi\u00e3o, teve como objetivo o cumprimento de mandados judiciais relacionados a liga\u00e7\u00f5es clandestinas na Adutora de Invers\u00e3o de Jucazinho, sistema considerado estrat\u00e9gico para garantir o abastecimento de \u00e1gua na regi\u00e3o. Durante a opera\u00e7\u00e3o, foram cumpridos mandados de busca e apreens\u00e3o em im\u00f3veis e estruturas suspeitas de realizar capta\u00e7\u00f5es irregulares ao longo da adutora, incluindo desvios utilizados para abastecer propriedades, a\u00e7udes e outras atividades privadas. <\/p>\n<p>A iniciativa foi motivada ap\u00f3s a constata\u00e7\u00e3o de perdas significativas ao longo da adutora. A diferen\u00e7a entre a vaz\u00e3o produzida e a \u00e1gua efetivamente entregue aos munic\u00edpios indicava perdas estimadas em 56 litros por segundo, o equivalente a 4,8 milh\u00f5es de litros por dia, volume suficiente para abastecer cerca de 32 mil pessoas diariamente. A Adutora de Invers\u00e3o de Jucazinho \u00e9 uma das principais alternativas emergenciais para garantir o abastecimento dos munic\u00edpios de Caruaru, Riacho das Almas, Passira e Cumaru. No cen\u00e1rio de escassez h\u00eddrica da regi\u00e3o, as liga\u00e7\u00f5es clandestinas agravam o risco de desabastecimento nas cidades. <\/p>\n<p>A Compesa refor\u00e7a que o furto de \u00e1gua \u00e9 crime, conforme previsto no C\u00f3digo Penal Brasileiro, e impacta diretamente a popula\u00e7\u00e3o que depende do fornecimento regular. A empresa tamb\u00e9m destaca que a preserva\u00e7\u00e3o dos volumes que venham a ser recuperados depende do compromisso coletivo da popula\u00e7\u00e3o em evitar novas liga\u00e7\u00f5es clandestinas e denunciar pr\u00e1ticas ilegais. As investiga\u00e7\u00f5es seguem em andamento e novas medidas poder\u00e3o ser adotadas pelas autoridades. Foto: Divulga\u00e7\u00e3o<br \/>\nSiga o Instagram @portaledvaldomagalhaes<\/p>\n","protected":false},"excerpt":{"rendered":"<p>Uma opera\u00e7\u00e3o de combate ao furto de \u00e1gua realizada pela Compesa em parceria com a Pol\u00edcia Civil de Pernambuco foi&hellip;<\/p>\n","protected":false},"author":1,"featured_media":127589,"comment_status":"closed","ping_status":"open","sticky":false,"template":"","format":"standard","meta":{"footnotes":""},"categories":[14121],"tags":[13146,4521,36089,34634],"class_list":["post-127588","post","type-post","status-publish","format-standard","has-post-thumbnail","hentry","category-policial","tag-blog-edvaldo-magalhaes","tag-compesa","tag-operacao-de-combate-ao-furto-de-agua-e-deflagrada-em-caruaru","tag-portal-edvaldo-magalhaes"],"_links":{"self":[{"href":"https:\/\/blogdoedvaldomagalhaes.com.br\/index.php\/wp-json\/wp\/v2\/posts\/127588","targetHints":{"allow":["GET"]}}],"collection":[{"href":"https:\/\/blogdoedvaldomagalhaes.com.br\/index.php\/wp-json\/wp\/v2\/posts"}],"about":[{"href":"https:\/\/blogdoedvaldomagalhaes.com.br\/index.php\/wp-json\/wp\/v2\/types\/post"}],"author":[{"embeddable":true,"href":"https:\/\/blogdoedvaldomagalhaes.com.br\/index.php\/wp-json\/wp\/v2\/users\/1"}],"replies":[{"embeddable":true,"href":"https:\/\/blogdoedvaldomagalhaes.com.br\/index.php\/wp-json\/wp\/v2\/comments?post=127588"}],"version-history":[{"count":1,"href":"https:\/\/blogdoedvaldomagalhaes.com.br\/index.php\/wp-json\/wp\/v2\/posts\/127588\/revisions"}],"predecessor-version":[{"id":127590,"href":"https:\/\/blogdoedvaldomagalhaes.com.br\/index.php\/wp-json\/wp\/v2\/posts\/127588\/revisions\/127590"}],"wp:featuredmedia":[{"embeddable":true,"href":"https:\/\/blogdoedvaldomagalhaes.com.br\/index.php\/wp-json\/wp\/v2\/media\/127589"}],"wp:attachment":[{"href":"https:\/\/blogdoedvaldomagalhaes.com.br\/index.php\/wp-json\/wp\/v2\/media?parent=127588"}],"wp:term":[{"taxonomy":"category","embeddable":true,"href":"https:\/\/blogdoedvaldomagalhaes.com.br\/index.php\/wp-json\/wp\/v2\/categories?post=127588"},{"taxonomy":"post_tag","embeddable":true,"href":"https:\/\/blogdoedvaldomagalhaes.com.br\/index.php\/wp-json\/wp\/v2\/tags?post=127588"}],"curies":[{"name":"wp","href":"https:\/\/api.w.org\/{rel}","templated":true}]}}