{"id":127585,"date":"2026-03-10T20:23:02","date_gmt":"2026-03-10T23:23:02","guid":{"rendered":"https:\/\/blogdoedvaldomagalhaes.com.br\/?p=127585"},"modified":"2026-03-10T20:23:02","modified_gmt":"2026-03-10T23:23:02","slug":"caruaru-recebeu-mais-de-80-novos-medicos-residentes-para-reforcar-rede-municipal-de-saude","status":"publish","type":"post","link":"https:\/\/blogdoedvaldomagalhaes.com.br\/index.php\/2026\/03\/10\/caruaru-recebeu-mais-de-80-novos-medicos-residentes-para-reforcar-rede-municipal-de-saude\/","title":{"rendered":"Caruaru recebeu mais de 80 novos m\u00e9dicos residentes para refor\u00e7ar rede municipal de sa\u00fade"},"content":{"rendered":"<p>A Prefeitura de Caruaru realizou, nessa segunda-feira (09.03), no audit\u00f3rio do Centro Universit\u00e1rio Uninassau, o acolhimento oficial de mais de 80 profissionais que ir\u00e3o atuar na rede municipal de sa\u00fade por meio de 13 programas de resid\u00eancia multiprofissional e uniprofissional.<\/p>\n<p>Os programas s\u00e3o desenvolvidos em parceria com institui\u00e7\u00f5es como a Universidade Federal de Pernambuco (UFPE), a Universidade de Pernambuco (UPE), a Escola de Sa\u00fade P\u00fablica de Pernambuco (ESPPE) e Uninassau, contemplando \u00e1reas como Sa\u00fade da Fam\u00edlia, Enfermagem Obst\u00e9trica, Medicina de Fam\u00edlia e Comunidade e Psiquiatria.<\/p>\n<p>Durante o m\u00eas de mar\u00e7o, os residentes participar\u00e3o de uma programa\u00e7\u00e3o de integra\u00e7\u00e3o com treinamentos e apresenta\u00e7\u00f5es sobre o funcionamento da Rede Municipal de Sa\u00fade. O evento tamb\u00e9m contou com uma homenagem aos preceptores da rede municipal, respons\u00e1veis por acompanhar a forma\u00e7\u00e3o dos profissionais ao longo dos dois anos de resid\u00eancia.<\/p>\n<p>A iniciativa fortalece o Sistema \u00danico de Sa\u00fade (SUS) em Caruaru, ampliando a qualifica\u00e7\u00e3o dos servi\u00e7os e a integra\u00e7\u00e3o entre ensino e assist\u00eancia \u00e0 popula\u00e7\u00e3o.<\/p>\n<p>\u201cA resid\u00eancia \u00e9 fundamental para a forma\u00e7\u00e3o de profissionais qualificados e tamb\u00e9m para fortalecer o atendimento \u00e0 popula\u00e7\u00e3o. Caruaru tem se consolidado como um importante campo de forma\u00e7\u00e3o em sa\u00fade, unindo ensino e pr\u00e1tica dentro do SUS\u201d, destacou o secret\u00e1rio de sa\u00fade de Caruaru, Matheus Neves.<br \/>\nSiga o Instagram @portaledvaldomagalhaes<br \/>\nFoto: \u00c9lvis \u00c9dson <\/p>\n","protected":false},"excerpt":{"rendered":"<p>A Prefeitura de Caruaru realizou, nessa segunda-feira (09.03), no audit\u00f3rio do Centro Universit\u00e1rio Uninassau, o acolhimento oficial de mais de&hellip;<\/p>\n","protected":false},"author":1,"featured_media":127586,"comment_status":"closed","ping_status":"open","sticky":false,"template":"","format":"standard","meta":{"footnotes":""},"categories":[14122],"tags":[13146,36088,34634],"class_list":["post-127585","post","type-post","status-publish","format-standard","has-post-thumbnail","hentry","category-politica","tag-blog-edvaldo-magalhaes","tag-caruaru-recebeu-mais-de-80-novos-medicos-residentes-para-reforcar-rede-municipal-de-saude","tag-portal-edvaldo-magalhaes"],"_links":{"self":[{"href":"https:\/\/blogdoedvaldomagalhaes.com.br\/index.php\/wp-json\/wp\/v2\/posts\/127585","targetHints":{"allow":["GET"]}}],"collection":[{"href":"https:\/\/blogdoedvaldomagalhaes.com.br\/index.php\/wp-json\/wp\/v2\/posts"}],"about":[{"href":"https:\/\/blogdoedvaldomagalhaes.com.br\/index.php\/wp-json\/wp\/v2\/types\/post"}],"author":[{"embeddable":true,"href":"https:\/\/blogdoedvaldomagalhaes.com.br\/index.php\/wp-json\/wp\/v2\/users\/1"}],"replies":[{"embeddable":true,"href":"https:\/\/blogdoedvaldomagalhaes.com.br\/index.php\/wp-json\/wp\/v2\/comments?post=127585"}],"version-history":[{"count":1,"href":"https:\/\/blogdoedvaldomagalhaes.com.br\/index.php\/wp-json\/wp\/v2\/posts\/127585\/revisions"}],"predecessor-version":[{"id":127587,"href":"https:\/\/blogdoedvaldomagalhaes.com.br\/index.php\/wp-json\/wp\/v2\/posts\/127585\/revisions\/127587"}],"wp:featuredmedia":[{"embeddable":true,"href":"https:\/\/blogdoedvaldomagalhaes.com.br\/index.php\/wp-json\/wp\/v2\/media\/127586"}],"wp:attachment":[{"href":"https:\/\/blogdoedvaldomagalhaes.com.br\/index.php\/wp-json\/wp\/v2\/media?parent=127585"}],"wp:term":[{"taxonomy":"category","embeddable":true,"href":"https:\/\/blogdoedvaldomagalhaes.com.br\/index.php\/wp-json\/wp\/v2\/categories?post=127585"},{"taxonomy":"post_tag","embeddable":true,"href":"https:\/\/blogdoedvaldomagalhaes.com.br\/index.php\/wp-json\/wp\/v2\/tags?post=127585"}],"curies":[{"name":"wp","href":"https:\/\/api.w.org\/{rel}","templated":true}]}}