{"id":127582,"date":"2026-03-10T19:25:03","date_gmt":"2026-03-10T22:25:03","guid":{"rendered":"https:\/\/blogdoedvaldomagalhaes.com.br\/?p=127582"},"modified":"2026-03-10T19:25:03","modified_gmt":"2026-03-10T22:25:03","slug":"senai-pe-e-prefeitura-de-caruaru-firmam-acordo-para-ofertar-300-vagas-de-capacitacao","status":"publish","type":"post","link":"https:\/\/blogdoedvaldomagalhaes.com.br\/index.php\/2026\/03\/10\/senai-pe-e-prefeitura-de-caruaru-firmam-acordo-para-ofertar-300-vagas-de-capacitacao\/","title":{"rendered":"SENAI-PE e Prefeitura de Caruaru firmam acordo para ofertar 300 vagas de capacita\u00e7\u00e3o"},"content":{"rendered":"<p>A popula\u00e7\u00e3o de Caruaru, no Agreste de Pernambuco, ganhar\u00e1 novas oportunidades de qualifica\u00e7\u00e3o profissional, ampliando o acesso a cursos alinhados \u00e0s demandas da ind\u00fastria. Nesta ter\u00e7a-feira (10), o Servi\u00e7o Nacional de Aprendizagem Industrial (SENAI-PE) e a Prefeitura de Caruaru assinaram um acordo de coopera\u00e7\u00e3o t\u00e9cnica para ofertar 300 vagas em cursos de capacita\u00e7\u00e3o nas \u00e1reas de log\u00edstica, metalmec\u00e2nica, automotiva e constru\u00e7\u00e3o civil.<\/p>\n<p>Na ocasi\u00e3o, estiveram presentes a diretora regional e a diretora de Educa\u00e7\u00e3o do SENAI-PE, Camila Barreto e Ana Dias, respectivamente; o diretor da Unidade Regional Agreste da Federa\u00e7\u00e3o das Ind\u00fastrias do Estado de Pernambuco (FIEPE), Jo\u00e3o Bezerra; o gestor do SENAI Caruaru, Daniel Fagundes; al\u00e9m do coordenador de Educa\u00e7\u00e3o Profissional e Neg\u00f3cios, T\u00e1ssio Carvalho, do coordenador de Neg\u00f3cios e Parcerias, F\u00e1bio Luna, e da coordenadora comercial, Ra\u00edza Rocha, tamb\u00e9m do SENAI. Participaram ainda o prefeito de Caruaru, Rodrigo Pinheiro, o secret\u00e1rio de Desenvolvimento Econ\u00f4mico, Turismo, Tecnologia e Economia Criativa (SEDETEC), Jaime Anselmo, e demais representantes da gest\u00e3o municipal.<\/p>\n<p>\u201cIdentificamos que a principal demanda da ind\u00fastria em Caruaru \u00e9 a falta de m\u00e3o de obra, mesmo com muitas pessoas querendo trabalhar. A gest\u00e3o muito focada em desenvolvimento econ\u00f4mico, emprego e renda, provocou a constru\u00e7\u00e3o de pol\u00edticas p\u00fablicas para qualifica\u00e7\u00e3o profissional e isso n\u00e3o poderia acontecer sem a participa\u00e7\u00e3o do SENAI\u201d, disse o secret\u00e1rio municipal Jaime Anselmo.<\/p>\n<p>A diretora regional do SENAI-PE, Camila Barreto, ressaltou a import\u00e2ncia da parceria para fortalecer a qualifica\u00e7\u00e3o profissional, especialmente voltada \u00e0 ind\u00fastria. \u201cA for\u00e7a de mobiliza\u00e7\u00e3o da sociedade por meio da Prefeitura se une \u00e0 qualidade e ao conhecimento do SENAI para formar profissionais que ser\u00e3o absorvidos pelo setor. Assim, movimentamos a economia e cumprimos o prop\u00f3sito do SENAI de formar profissionais de excel\u00eancia para o mercado\u201d, afirmou.<\/p>\n<p>J\u00e1 a diretora de Educa\u00e7\u00e3o do SENAI-PE, Ana Dias, destacou o \u00edndice de empregabilidade dos alunos formados pela institui\u00e7\u00e3o. \u201c\u00c9 muito importante fortalecer nossa parceria. Uma equipe da SEDETEC visitou nossa sede, em Recife, onde apresentamos o Observat\u00f3rio da Ind\u00fastria e avan\u00e7amos nesse di\u00e1logo. Hoje, o trabalho conjunto busca qualificar a popula\u00e7\u00e3o de Caruaru para o mercado. Temos cerca de 86% de empregabilidade nos cursos e nosso maior resultado \u00e9 ver o aluno sair do SENAI entrar no mercado de trabalho\u201d, disse.<\/p>\n<p>Rodrigo Pinheiro tamb\u00e9m ressaltou que a a\u00e7\u00e3o vai estimular o interesse da popula\u00e7\u00e3o jovem pelas \u00e1reas t\u00e9cnicas, preparando o futuro da m\u00e3o de obra local. \u201cCome\u00e7aremos com 300 vagas, alinhadas \u00e0 demanda da ind\u00fastria, ouvindo sempre o setor produtivo. J\u00e1 vemos mudan\u00e7as no interesse da popula\u00e7\u00e3o e esperamos que isso tamb\u00e9m fortale\u00e7a a qualifica\u00e7\u00e3o da juventude\u201d, finalizou o prefeito de Caruaru.<br \/>\nSiga o Instagram @portaledvaldomagalhaes<br \/>\nFoto: Rafael Moreira<\/p>\n","protected":false},"excerpt":{"rendered":"<p>A popula\u00e7\u00e3o de Caruaru, no Agreste de Pernambuco, ganhar\u00e1 novas oportunidades de qualifica\u00e7\u00e3o profissional, ampliando o acesso a cursos alinhados&hellip;<\/p>\n","protected":false},"author":1,"featured_media":127583,"comment_status":"closed","ping_status":"open","sticky":false,"template":"","format":"standard","meta":{"footnotes":""},"categories":[21063],"tags":[13146,34634,36087],"class_list":["post-127582","post","type-post","status-publish","format-standard","has-post-thumbnail","hentry","category-utilidade-publica","tag-blog-edvaldo-magalhaes","tag-portal-edvaldo-magalhaes","tag-senai-pe-e-prefeitura-de-caruaru-firmam-acordo-para-ofertar-300-vagas-de-capacitacao"],"_links":{"self":[{"href":"https:\/\/blogdoedvaldomagalhaes.com.br\/index.php\/wp-json\/wp\/v2\/posts\/127582","targetHints":{"allow":["GET"]}}],"collection":[{"href":"https:\/\/blogdoedvaldomagalhaes.com.br\/index.php\/wp-json\/wp\/v2\/posts"}],"about":[{"href":"https:\/\/blogdoedvaldomagalhaes.com.br\/index.php\/wp-json\/wp\/v2\/types\/post"}],"author":[{"embeddable":true,"href":"https:\/\/blogdoedvaldomagalhaes.com.br\/index.php\/wp-json\/wp\/v2\/users\/1"}],"replies":[{"embeddable":true,"href":"https:\/\/blogdoedvaldomagalhaes.com.br\/index.php\/wp-json\/wp\/v2\/comments?post=127582"}],"version-history":[{"count":1,"href":"https:\/\/blogdoedvaldomagalhaes.com.br\/index.php\/wp-json\/wp\/v2\/posts\/127582\/revisions"}],"predecessor-version":[{"id":127584,"href":"https:\/\/blogdoedvaldomagalhaes.com.br\/index.php\/wp-json\/wp\/v2\/posts\/127582\/revisions\/127584"}],"wp:featuredmedia":[{"embeddable":true,"href":"https:\/\/blogdoedvaldomagalhaes.com.br\/index.php\/wp-json\/wp\/v2\/media\/127583"}],"wp:attachment":[{"href":"https:\/\/blogdoedvaldomagalhaes.com.br\/index.php\/wp-json\/wp\/v2\/media?parent=127582"}],"wp:term":[{"taxonomy":"category","embeddable":true,"href":"https:\/\/blogdoedvaldomagalhaes.com.br\/index.php\/wp-json\/wp\/v2\/categories?post=127582"},{"taxonomy":"post_tag","embeddable":true,"href":"https:\/\/blogdoedvaldomagalhaes.com.br\/index.php\/wp-json\/wp\/v2\/tags?post=127582"}],"curies":[{"name":"wp","href":"https:\/\/api.w.org\/{rel}","templated":true}]}}