{"id":127576,"date":"2026-03-10T17:39:45","date_gmt":"2026-03-10T20:39:45","guid":{"rendered":"https:\/\/blogdoedvaldomagalhaes.com.br\/?p=127576"},"modified":"2026-03-10T17:39:45","modified_gmt":"2026-03-10T20:39:45","slug":"secretaria-de-administracao-penitenciaria-completa-23-unidades-prisionais-a-receber-o-projeto-ouvir-para-transformar","status":"publish","type":"post","link":"https:\/\/blogdoedvaldomagalhaes.com.br\/index.php\/2026\/03\/10\/secretaria-de-administracao-penitenciaria-completa-23-unidades-prisionais-a-receber-o-projeto-ouvir-para-transformar\/","title":{"rendered":"Secretaria de Administra\u00e7\u00e3o Penitenci\u00e1ria completa 23 unidades prisionais a receber o Projeto Ouvir para Transformar"},"content":{"rendered":"<p>A Secretaria de Administra\u00e7\u00e3o Penitenci\u00e1ria e Ressocializa\u00e7\u00e3o (Seap) levar\u00e1 o Projeto Ouvir para Transformar (OPT), nesta quarta (11.03) e quinta-feira (12.03), no Sert\u00e3o de Pernambuco. A iniciativa conta com a participa\u00e7\u00e3o das secretarias estaduais de Planejamento e Gest\u00e3o (Seplag), de Educa\u00e7\u00e3o (SEE) e de Sa\u00fade (SES).  <\/p>\n<p>Ap\u00f3s percorrer 21 unidades prisionais, o secret\u00e1rio de Administra\u00e7\u00e3o Penitenci\u00e1ria e Ressocializa\u00e7\u00e3o, Paulo Paes, e gestores da pasta aportar\u00e3o, na quarta-feira, no Pres\u00eddio de Salgueiro (PSAL) e, na quinta-feira, na Penitenci\u00e1ria Doutor Edvaldo Gomes (PDEG), em Petrolina. As duas unidades est\u00e3o localizadas no Sert\u00e3o do Estado.  <\/p>\n<p>Criado em 2024 pela gest\u00e3o da Seap, o projeto tem como objetivo promover escuta e di\u00e1logo em todas as unidades prisionais (UPs) do Estado. A iniciativa busca identificar demandas e fortalecer a gest\u00e3o prisional, ampliando a resolutividade das necessidades apontadas pelos servidores das unidades.  <\/p>\n<p>O secret\u00e1rio Paulo Paes, que acompanhou presencialmente todas as visitas realizadas at\u00e9 agora, explica como funciona o projeto. \u201cQuando criamos o projeto, pensamos em algo para otimizar o funcionamento das unidades prisionais em diversas \u00e1reas. Para isso, entendemos que era fundamental irmos at\u00e9 as unidades conhecer de perto as boas pr\u00e1ticas, ouvir as necessidades e apresentar caminhos de melhoria, seja no curto, m\u00e9dio ou longo prazo, assim alcan\u00e7amos um diagn\u00f3stico mais preciso das \u00e1reas estrat\u00e9gicas da gest\u00e3o\u201d, informou. <\/p>\n<p>O trabalho \u00e9 estruturado em dez grupos tem\u00e1ticos nas \u00e1reas de Trabalho; Educa\u00e7\u00e3o; Psicossocial, Sa\u00fade e Nutri\u00e7\u00e3o; Sistema Integrado de Administra\u00e7\u00e3o Prisional (Siap) e Tecnologia da Informa\u00e7\u00e3o (TI); Engenharia e Manuten\u00e7\u00e3o; Or\u00e7amento, Administrativo e Log\u00edstica; Jur\u00eddico e Penal; Seguran\u00e7a e Intelig\u00eancia; Gest\u00e3o de Pessoas; e Videomonitoramento (CFTV). <\/p>\n<p>\u201cA conclus\u00e3o do projeto Ouvir para Transformar \u00e9 um marco na hist\u00f3ria da Seap porque a gente concluiu uma s\u00e9rie de visitas passando por todos os estabelecimentos prisionais, onde toda a equipe gestora da Seap esteve presente, conversando com os servidores e com os gestores para conhecer as necessidades\u201d, ressaltou a superintendente de Planejamento da Seap, Rebeca Benevides. Ela informou ainda que cerca de 80% das demandas est\u00e3o conclu\u00eddas ou em andamento. <\/p>\n<p>De acordo com o relat\u00f3rio do OPT referente a 21 unidades prisionais visitadas at\u00e9 fevereiro de 2025, foram gerados 628 encaminhamentos gerais, dos quais 80% das demandas j\u00e1 foram conclu\u00eddas ou est\u00e3o em andamento.<br \/>\nSiga o Instagram @portaledvaldomagalhaes<br \/>\nFoto: Arquivo\/Seap<\/p>\n","protected":false},"excerpt":{"rendered":"<p>A Secretaria de Administra\u00e7\u00e3o Penitenci\u00e1ria e Ressocializa\u00e7\u00e3o (Seap) levar\u00e1 o Projeto Ouvir para Transformar (OPT), nesta quarta (11.03) e quinta-feira&hellip;<\/p>\n","protected":false},"author":1,"featured_media":127577,"comment_status":"closed","ping_status":"open","sticky":false,"template":"","format":"standard","meta":{"footnotes":""},"categories":[14120],"tags":[13146,34634,36084],"class_list":["post-127576","post","type-post","status-publish","format-standard","has-post-thumbnail","hentry","category-noticias","tag-blog-edvaldo-magalhaes","tag-portal-edvaldo-magalhaes","tag-secretaria-de-administracao-penitenciaria-completa-23-unidades-prisionais-a-receber-o-projeto-ouvir-para-transformar"],"_links":{"self":[{"href":"https:\/\/blogdoedvaldomagalhaes.com.br\/index.php\/wp-json\/wp\/v2\/posts\/127576","targetHints":{"allow":["GET"]}}],"collection":[{"href":"https:\/\/blogdoedvaldomagalhaes.com.br\/index.php\/wp-json\/wp\/v2\/posts"}],"about":[{"href":"https:\/\/blogdoedvaldomagalhaes.com.br\/index.php\/wp-json\/wp\/v2\/types\/post"}],"author":[{"embeddable":true,"href":"https:\/\/blogdoedvaldomagalhaes.com.br\/index.php\/wp-json\/wp\/v2\/users\/1"}],"replies":[{"embeddable":true,"href":"https:\/\/blogdoedvaldomagalhaes.com.br\/index.php\/wp-json\/wp\/v2\/comments?post=127576"}],"version-history":[{"count":1,"href":"https:\/\/blogdoedvaldomagalhaes.com.br\/index.php\/wp-json\/wp\/v2\/posts\/127576\/revisions"}],"predecessor-version":[{"id":127578,"href":"https:\/\/blogdoedvaldomagalhaes.com.br\/index.php\/wp-json\/wp\/v2\/posts\/127576\/revisions\/127578"}],"wp:featuredmedia":[{"embeddable":true,"href":"https:\/\/blogdoedvaldomagalhaes.com.br\/index.php\/wp-json\/wp\/v2\/media\/127577"}],"wp:attachment":[{"href":"https:\/\/blogdoedvaldomagalhaes.com.br\/index.php\/wp-json\/wp\/v2\/media?parent=127576"}],"wp:term":[{"taxonomy":"category","embeddable":true,"href":"https:\/\/blogdoedvaldomagalhaes.com.br\/index.php\/wp-json\/wp\/v2\/categories?post=127576"},{"taxonomy":"post_tag","embeddable":true,"href":"https:\/\/blogdoedvaldomagalhaes.com.br\/index.php\/wp-json\/wp\/v2\/tags?post=127576"}],"curies":[{"name":"wp","href":"https:\/\/api.w.org\/{rel}","templated":true}]}}