{"id":127573,"date":"2026-03-10T17:25:33","date_gmt":"2026-03-10T20:25:33","guid":{"rendered":"https:\/\/blogdoedvaldomagalhaes.com.br\/?p=127573"},"modified":"2026-03-10T17:25:33","modified_gmt":"2026-03-10T20:25:33","slug":"ii-forum-da-populacao-lgbtqia-de-caruaru-acontece-nesta-quarta-11","status":"publish","type":"post","link":"https:\/\/blogdoedvaldomagalhaes.com.br\/index.php\/2026\/03\/10\/ii-forum-da-populacao-lgbtqia-de-caruaru-acontece-nesta-quarta-11\/","title":{"rendered":"II F\u00f3rum da Popula\u00e7\u00e3o LGBTQIA+ de Caruaru acontece nesta quarta (11)"},"content":{"rendered":"<p>Nesta quarta-feira (11.03), \u00e0s 14h, ser\u00e1 realizado o II F\u00f3rum da Popula\u00e7\u00e3o LGBTQIA+ de Caruaru, no audit\u00f3rio da Secretaria de Assist\u00eancia Social e Combate \u00e0 Fome (SAS), no 3\u00ba andar do pr\u00e9dio localizado na Pra\u00e7a Pedro de Souza, n\u00ba 30, no bairro Nossa Senhora das Dores.<\/p>\n<p>As inscri\u00e7\u00f5es podem ser feitas por meio do link:<br \/>\nhttps:\/\/docs.google.com\/forms\/d\/e\/1FAIpQLScbkcIynofFvnNNdLtzM9oZzZgk8px16MHPhJ3mQnArxSwp4A\/viewform?usp=header<\/p>\n<p>O encontro reunir\u00e1 representantes de entidades, coletivos, organiza\u00e7\u00f5es da sociedade civil e movimentos sociais que atuam na defesa dos direitos da popula\u00e7\u00e3o LGBTQIA+. Durante a atividade, tamb\u00e9m ser\u00e1 apresentada a proposta de reativa\u00e7\u00e3o do Conselho Municipal de Pol\u00edticas P\u00fablicas para a Popula\u00e7\u00e3o LGBT.<\/p>\n<p>\u201cEsse f\u00f3rum \u00e9 um espa\u00e7o importante de escuta e constru\u00e7\u00e3o coletiva. Nosso objetivo \u00e9 fortalecer o di\u00e1logo com a sociedade civil e avan\u00e7ar na garantia de direitos\u201d, destacou Tamyres Silva, coordenadora do Centro Integrado de Direitos Humanos (CIDH).<\/p>\n<p>A iniciativa \u00e9 da Prefeitura de Caruaru, por meio da Secretaria de Assist\u00eancia Social e Combate \u00e0 Fome (SAS) e da Coordena\u00e7\u00e3o de Pol\u00edticas de Promo\u00e7\u00e3o da Diversidade LGBTQIA+.<br \/>\nSiga o Instagram @portaledvaldomagalhaes<br \/>\nCard: Divulga\u00e7\u00e3o <\/p>\n","protected":false},"excerpt":{"rendered":"<p>Nesta quarta-feira (11.03), \u00e0s 14h, ser\u00e1 realizado o II F\u00f3rum da Popula\u00e7\u00e3o LGBTQIA+ de Caruaru, no audit\u00f3rio da Secretaria de&hellip;<\/p>\n","protected":false},"author":1,"featured_media":127574,"comment_status":"closed","ping_status":"open","sticky":false,"template":"","format":"standard","meta":{"footnotes":""},"categories":[14120],"tags":[13146,36083,34634],"class_list":["post-127573","post","type-post","status-publish","format-standard","has-post-thumbnail","hentry","category-noticias","tag-blog-edvaldo-magalhaes","tag-ii-forum-da-populacao-lgbtqia-de-caruaru-acontece-nesta-quarta-11","tag-portal-edvaldo-magalhaes"],"_links":{"self":[{"href":"https:\/\/blogdoedvaldomagalhaes.com.br\/index.php\/wp-json\/wp\/v2\/posts\/127573","targetHints":{"allow":["GET"]}}],"collection":[{"href":"https:\/\/blogdoedvaldomagalhaes.com.br\/index.php\/wp-json\/wp\/v2\/posts"}],"about":[{"href":"https:\/\/blogdoedvaldomagalhaes.com.br\/index.php\/wp-json\/wp\/v2\/types\/post"}],"author":[{"embeddable":true,"href":"https:\/\/blogdoedvaldomagalhaes.com.br\/index.php\/wp-json\/wp\/v2\/users\/1"}],"replies":[{"embeddable":true,"href":"https:\/\/blogdoedvaldomagalhaes.com.br\/index.php\/wp-json\/wp\/v2\/comments?post=127573"}],"version-history":[{"count":1,"href":"https:\/\/blogdoedvaldomagalhaes.com.br\/index.php\/wp-json\/wp\/v2\/posts\/127573\/revisions"}],"predecessor-version":[{"id":127575,"href":"https:\/\/blogdoedvaldomagalhaes.com.br\/index.php\/wp-json\/wp\/v2\/posts\/127573\/revisions\/127575"}],"wp:featuredmedia":[{"embeddable":true,"href":"https:\/\/blogdoedvaldomagalhaes.com.br\/index.php\/wp-json\/wp\/v2\/media\/127574"}],"wp:attachment":[{"href":"https:\/\/blogdoedvaldomagalhaes.com.br\/index.php\/wp-json\/wp\/v2\/media?parent=127573"}],"wp:term":[{"taxonomy":"category","embeddable":true,"href":"https:\/\/blogdoedvaldomagalhaes.com.br\/index.php\/wp-json\/wp\/v2\/categories?post=127573"},{"taxonomy":"post_tag","embeddable":true,"href":"https:\/\/blogdoedvaldomagalhaes.com.br\/index.php\/wp-json\/wp\/v2\/tags?post=127573"}],"curies":[{"name":"wp","href":"https:\/\/api.w.org\/{rel}","templated":true}]}}