{"id":127571,"date":"2026-03-10T17:16:08","date_gmt":"2026-03-10T20:16:08","guid":{"rendered":"https:\/\/blogdoedvaldomagalhaes.com.br\/?p=127571"},"modified":"2026-03-10T17:16:08","modified_gmt":"2026-03-10T20:16:08","slug":"jorge-quintino-propoe-programa-municipal-de-apoio-a-saude-mental-de-cuidadores-em-caruaru","status":"publish","type":"post","link":"https:\/\/blogdoedvaldomagalhaes.com.br\/index.php\/2026\/03\/10\/jorge-quintino-propoe-programa-municipal-de-apoio-a-saude-mental-de-cuidadores-em-caruaru\/","title":{"rendered":"Jorge Quintino prop\u00f5e programa municipal de apoio \u00e0 sa\u00fade mental de cuidadores em Caruaru"},"content":{"rendered":"<p>O vereador Professor Jorge Quintino (PODE) apresentou um anteprojeto de lei que institui o Programa Municipal de Aten\u00e7\u00e3o \u00e0 Sa\u00fade Mental do Cuidador, em Caruaru. A proposta tem como objetivo oferecer apoio psicol\u00f3gico e emocional a pessoas respons\u00e1veis pelo cuidado cont\u00ednuo de familiares com Transtorno do Espectro Autista (TEA), defici\u00eancia ou depend\u00eancia funcional.<\/p>\n<p>Entre as a\u00e7\u00f5es previstas est\u00e3o atendimentos psicol\u00f3gicos individuais ou em grupo, atividades educativas voltadas \u00e0 sa\u00fade mental e ao autocuidado, al\u00e9m da articula\u00e7\u00e3o com equipamentos da rede p\u00fablica de sa\u00fade e assist\u00eancia social, como os Centros de Aten\u00e7\u00e3o Psicossocial (CAPS) e as Unidades B\u00e1sicas de Sa\u00fade. A iniciativa tamb\u00e9m busca fortalecer redes de apoio entre cuidadores e ampliar as pol\u00edticas de acolhimento no munic\u00edpio.<\/p>\n<p>Autor da proposta, o vereador destacou a import\u00e2ncia de reconhecer o papel de quem dedica a vida ao cuidado de outras pessoas. _\u201cEssa iniciativa parte de um princ\u00edpio fundamental: cuidar de quem cuida. Muitas vezes esses familiares enfrentam sobrecarga emocional e f\u00edsica no dia a dia, e o poder p\u00fablico precisa oferecer suporte para garantir mais qualidade de vida a essas pessoas\u201d,_ afirmou.<\/p>\n<p>O anteprojeto foi encaminhado ao Poder Executivo Municipal, que poder\u00e1 avaliar a viabilidade e a implementa\u00e7\u00e3o da iniciativa no munic\u00edpio.<br \/>\nSiga o Instagram @portaledvaldomagalhaes<br \/>\nFoto: Divulga\u00e7\u00e3o <\/p>\n","protected":false},"excerpt":{"rendered":"<p>O vereador Professor Jorge Quintino (PODE) apresentou um anteprojeto de lei que institui o Programa Municipal de Aten\u00e7\u00e3o \u00e0 Sa\u00fade&hellip;<\/p>\n","protected":false},"author":1,"featured_media":126653,"comment_status":"closed","ping_status":"open","sticky":false,"template":"","format":"standard","meta":{"footnotes":""},"categories":[14122],"tags":[13146,36082,20,34634],"class_list":["post-127571","post","type-post","status-publish","format-standard","has-post-thumbnail","hentry","category-politica","tag-blog-edvaldo-magalhaes","tag-jorge-quintino-propoe-programa-municipal-de-apoio-a-saude-mental-de-cuidadores-em-caruaru","tag-politica","tag-portal-edvaldo-magalhaes"],"_links":{"self":[{"href":"https:\/\/blogdoedvaldomagalhaes.com.br\/index.php\/wp-json\/wp\/v2\/posts\/127571","targetHints":{"allow":["GET"]}}],"collection":[{"href":"https:\/\/blogdoedvaldomagalhaes.com.br\/index.php\/wp-json\/wp\/v2\/posts"}],"about":[{"href":"https:\/\/blogdoedvaldomagalhaes.com.br\/index.php\/wp-json\/wp\/v2\/types\/post"}],"author":[{"embeddable":true,"href":"https:\/\/blogdoedvaldomagalhaes.com.br\/index.php\/wp-json\/wp\/v2\/users\/1"}],"replies":[{"embeddable":true,"href":"https:\/\/blogdoedvaldomagalhaes.com.br\/index.php\/wp-json\/wp\/v2\/comments?post=127571"}],"version-history":[{"count":1,"href":"https:\/\/blogdoedvaldomagalhaes.com.br\/index.php\/wp-json\/wp\/v2\/posts\/127571\/revisions"}],"predecessor-version":[{"id":127572,"href":"https:\/\/blogdoedvaldomagalhaes.com.br\/index.php\/wp-json\/wp\/v2\/posts\/127571\/revisions\/127572"}],"wp:featuredmedia":[{"embeddable":true,"href":"https:\/\/blogdoedvaldomagalhaes.com.br\/index.php\/wp-json\/wp\/v2\/media\/126653"}],"wp:attachment":[{"href":"https:\/\/blogdoedvaldomagalhaes.com.br\/index.php\/wp-json\/wp\/v2\/media?parent=127571"}],"wp:term":[{"taxonomy":"category","embeddable":true,"href":"https:\/\/blogdoedvaldomagalhaes.com.br\/index.php\/wp-json\/wp\/v2\/categories?post=127571"},{"taxonomy":"post_tag","embeddable":true,"href":"https:\/\/blogdoedvaldomagalhaes.com.br\/index.php\/wp-json\/wp\/v2\/tags?post=127571"}],"curies":[{"name":"wp","href":"https:\/\/api.w.org\/{rel}","templated":true}]}}