{"id":127566,"date":"2026-03-10T14:01:51","date_gmt":"2026-03-10T17:01:51","guid":{"rendered":"https:\/\/blogdoedvaldomagalhaes.com.br\/?p=127566"},"modified":"2026-03-10T14:03:49","modified_gmt":"2026-03-10T17:03:49","slug":"caruaru-recebe-lancamento-dos-selos-mercosul-tecidos-artesanais-chita","status":"publish","type":"post","link":"https:\/\/blogdoedvaldomagalhaes.com.br\/index.php\/2026\/03\/10\/caruaru-recebe-lancamento-dos-selos-mercosul-tecidos-artesanais-chita\/","title":{"rendered":"Caruaru recebe lan\u00e7amento dos selos Mercosul \u2013 Tecidos Artesanais: Chita"},"content":{"rendered":"<p>A Biblioteca Municipal \u00c1lvaro Lins sediou, nesta segunda-feira (09.03), o lan\u00e7amento da \u201cEmiss\u00e3o Especial S\u00e9rie Mercosul \u2013 Tecidos Artesanais: Chita\u201d, promovido pelos Correios, em parceria com a Prefeitura de Caruaru e a Funda\u00e7\u00e3o de Cultura. Os selos destacam o tecido de cores vibrantes e estampas florais, s\u00edmbolo da cultura nordestina.<\/p>\n<p>A emiss\u00e3o integra a S\u00e9rie Mercosul, que destaca aspectos culturais dos pa\u00edses do bloco por meio da filatelia. Quatro selos comp\u00f5em o bloco, representando festas juninas, moda, dan\u00e7as populares e decora\u00e7\u00e3o, eles podem ser adquiridos no site e nas ag\u00eancias dos Correios. Al\u00e9m de Caruaru, o lan\u00e7amento tamb\u00e9m foi realizado em Fortaleza, Porto Velho, Salvador e S\u00e3o Paulo.<\/p>\n<p>\u201c\u00c9 uma grande satisfa\u00e7\u00e3o para os Correios lan\u00e7ar em Caruaru est\u00e1 emiss\u00e3o dedicada \u00e0 chita, s\u00edmbolo marcante da cultura popular brasileira. Os selos registram e valorizam a mem\u00f3ria cultural do pa\u00eds, e celebrar esse momento aqui torna a homenagem ainda mais especial\u201d, destacou Dinane Leite, gerente regional de atendimento dos Correios.<\/p>\n<p><img loading=\"lazy\" decoding=\"async\" src=\"https:\/\/blogdoedvaldomagalhaes.com.br\/wp-content\/uploads\/2026\/03\/img-20260310-wa00661720736421230834200.jpg\" class=\"wp-image-127569 alignnone size-full\" width=\"1600\" height=\"1066\" srcset=\"https:\/\/blogdoedvaldomagalhaes.com.br\/wp-content\/uploads\/2026\/03\/img-20260310-wa00661720736421230834200.jpg 1600w, https:\/\/blogdoedvaldomagalhaes.com.br\/wp-content\/uploads\/2026\/03\/img-20260310-wa00661720736421230834200-300x200.jpg 300w, https:\/\/blogdoedvaldomagalhaes.com.br\/wp-content\/uploads\/2026\/03\/img-20260310-wa00661720736421230834200-1024x682.jpg 1024w, https:\/\/blogdoedvaldomagalhaes.com.br\/wp-content\/uploads\/2026\/03\/img-20260310-wa00661720736421230834200-768x512.jpg 768w, https:\/\/blogdoedvaldomagalhaes.com.br\/wp-content\/uploads\/2026\/03\/img-20260310-wa00661720736421230834200-1536x1023.jpg 1536w\" sizes=\"auto, (max-width: 1600px) 100vw, 1600px\" \/><\/p>\n<p>Para o presidente da Funda\u00e7\u00e3o de Cultura de Caruaru, H\u00e9rlon Cavalcanti, a homenagem dialoga diretamente com a identidade da cidade. \u201cA chita est\u00e1 presente no tema do nosso S\u00e3o Jo\u00e3o, nas quadrilhas, na decora\u00e7\u00e3o e em toda a parte visual. Ela tamb\u00e9m tem rela\u00e7\u00e3o com a nossa feira, com a economia e com a hist\u00f3ria da cidade\u201d, destacou.<br \/>\nSiga o Instagram @portaledvaldomagalhaes<br \/>\nFotos: Jorge Farias<\/p>\n","protected":false},"excerpt":{"rendered":"<p>A Biblioteca Municipal \u00c1lvaro Lins sediou, nesta segunda-feira (09.03), o lan\u00e7amento da \u201cEmiss\u00e3o Especial S\u00e9rie Mercosul \u2013 Tecidos Artesanais: Chita\u201d,&hellip;<\/p>\n","protected":false},"author":1,"featured_media":127567,"comment_status":"closed","ping_status":"open","sticky":false,"template":"","format":"standard","meta":{"footnotes":""},"categories":[14120],"tags":[13146,36081,34634],"class_list":["post-127566","post","type-post","status-publish","format-standard","has-post-thumbnail","hentry","category-noticias","tag-blog-edvaldo-magalhaes","tag-caruaru-recebe-lancamento-dos-selos-mercosul-tecidos-artesanais-chita","tag-portal-edvaldo-magalhaes"],"_links":{"self":[{"href":"https:\/\/blogdoedvaldomagalhaes.com.br\/index.php\/wp-json\/wp\/v2\/posts\/127566","targetHints":{"allow":["GET"]}}],"collection":[{"href":"https:\/\/blogdoedvaldomagalhaes.com.br\/index.php\/wp-json\/wp\/v2\/posts"}],"about":[{"href":"https:\/\/blogdoedvaldomagalhaes.com.br\/index.php\/wp-json\/wp\/v2\/types\/post"}],"author":[{"embeddable":true,"href":"https:\/\/blogdoedvaldomagalhaes.com.br\/index.php\/wp-json\/wp\/v2\/users\/1"}],"replies":[{"embeddable":true,"href":"https:\/\/blogdoedvaldomagalhaes.com.br\/index.php\/wp-json\/wp\/v2\/comments?post=127566"}],"version-history":[{"count":2,"href":"https:\/\/blogdoedvaldomagalhaes.com.br\/index.php\/wp-json\/wp\/v2\/posts\/127566\/revisions"}],"predecessor-version":[{"id":127570,"href":"https:\/\/blogdoedvaldomagalhaes.com.br\/index.php\/wp-json\/wp\/v2\/posts\/127566\/revisions\/127570"}],"wp:featuredmedia":[{"embeddable":true,"href":"https:\/\/blogdoedvaldomagalhaes.com.br\/index.php\/wp-json\/wp\/v2\/media\/127567"}],"wp:attachment":[{"href":"https:\/\/blogdoedvaldomagalhaes.com.br\/index.php\/wp-json\/wp\/v2\/media?parent=127566"}],"wp:term":[{"taxonomy":"category","embeddable":true,"href":"https:\/\/blogdoedvaldomagalhaes.com.br\/index.php\/wp-json\/wp\/v2\/categories?post=127566"},{"taxonomy":"post_tag","embeddable":true,"href":"https:\/\/blogdoedvaldomagalhaes.com.br\/index.php\/wp-json\/wp\/v2\/tags?post=127566"}],"curies":[{"name":"wp","href":"https:\/\/api.w.org\/{rel}","templated":true}]}}