{"id":127563,"date":"2026-03-10T13:56:43","date_gmt":"2026-03-10T16:56:43","guid":{"rendered":"https:\/\/blogdoedvaldomagalhaes.com.br\/?p=127563"},"modified":"2026-03-10T13:56:43","modified_gmt":"2026-03-10T16:56:43","slug":"fundacao-de-cultura-de-caruaru-realiza-1o-plantao-tira-duvidas-sobre-editais-da-pnab-ciclo-2","status":"publish","type":"post","link":"https:\/\/blogdoedvaldomagalhaes.com.br\/index.php\/2026\/03\/10\/fundacao-de-cultura-de-caruaru-realiza-1o-plantao-tira-duvidas-sobre-editais-da-pnab-ciclo-2\/","title":{"rendered":"Funda\u00e7\u00e3o de Cultura de Caruaru realiza 1\u00ba plant\u00e3o tira d\u00favidas sobre editais da PNAB \u2013 Ciclo 2"},"content":{"rendered":"<p>A Funda\u00e7\u00e3o de Cultura de Caruaru promove, no dia 11 de mar\u00e7o, o 1\u00ba plant\u00e3o tira-d\u00favidas dos editais da Pol\u00edtica Nacional Aldir Blanc de Fomento \u00e0 Cultura (PNAB) \u2013 Ciclo 2. A iniciativa \u00e9 voltada para artistas, produtores culturais e fazedores de cultura que desejam obter orienta\u00e7\u00f5es sobre os chamamentos p\u00fablicos do munic\u00edpio.<\/p>\n<p>O atendimento ser\u00e1 realizado das 9h \u00e0s 12h e das 14h \u00e0s 17h, no 1\u00ba andar da Esta\u00e7\u00e3o Ferrovi\u00e1ria. Durante o plant\u00e3o, a equipe t\u00e9cnica estar\u00e1 dispon\u00edvel para esclarecer d\u00favidas sobre crit\u00e9rios dos editais, processos de inscri\u00e7\u00e3o e documenta\u00e7\u00e3o necess\u00e1ria.<\/p>\n<p>A a\u00e7\u00e3o integra as estrat\u00e9gias de orienta\u00e7\u00e3o e acompanhamento aos proponentes interessados em participar dos editais financiados pela PNAB, pol\u00edtica p\u00fablica federal de incentivo \u00e0 cultura que busca ampliar o acesso aos recursos e fortalecer a produ\u00e7\u00e3o cultural nos munic\u00edpios.<br \/>\nSiga o Instagram @portaledvaldomagalhaes<br \/>\nCard: Divulga\u00e7\u00e3o <\/p>\n","protected":false},"excerpt":{"rendered":"<p>A Funda\u00e7\u00e3o de Cultura de Caruaru promove, no dia 11 de mar\u00e7o, o 1\u00ba plant\u00e3o tira-d\u00favidas dos editais da Pol\u00edtica&hellip;<\/p>\n","protected":false},"author":1,"featured_media":127564,"comment_status":"closed","ping_status":"open","sticky":false,"template":"","format":"standard","meta":{"footnotes":""},"categories":[14120],"tags":[13146,36080,34966],"class_list":["post-127563","post","type-post","status-publish","format-standard","has-post-thumbnail","hentry","category-noticias","tag-blog-edvaldo-magalhaes","tag-fundacao-de-cultura-de-caruaru-realiza-1o-plantao-tira-duvidas-sobre-editais-da-pnab-ciclo-2","tag-porta-edvaldo-magalhaes"],"_links":{"self":[{"href":"https:\/\/blogdoedvaldomagalhaes.com.br\/index.php\/wp-json\/wp\/v2\/posts\/127563","targetHints":{"allow":["GET"]}}],"collection":[{"href":"https:\/\/blogdoedvaldomagalhaes.com.br\/index.php\/wp-json\/wp\/v2\/posts"}],"about":[{"href":"https:\/\/blogdoedvaldomagalhaes.com.br\/index.php\/wp-json\/wp\/v2\/types\/post"}],"author":[{"embeddable":true,"href":"https:\/\/blogdoedvaldomagalhaes.com.br\/index.php\/wp-json\/wp\/v2\/users\/1"}],"replies":[{"embeddable":true,"href":"https:\/\/blogdoedvaldomagalhaes.com.br\/index.php\/wp-json\/wp\/v2\/comments?post=127563"}],"version-history":[{"count":1,"href":"https:\/\/blogdoedvaldomagalhaes.com.br\/index.php\/wp-json\/wp\/v2\/posts\/127563\/revisions"}],"predecessor-version":[{"id":127565,"href":"https:\/\/blogdoedvaldomagalhaes.com.br\/index.php\/wp-json\/wp\/v2\/posts\/127563\/revisions\/127565"}],"wp:featuredmedia":[{"embeddable":true,"href":"https:\/\/blogdoedvaldomagalhaes.com.br\/index.php\/wp-json\/wp\/v2\/media\/127564"}],"wp:attachment":[{"href":"https:\/\/blogdoedvaldomagalhaes.com.br\/index.php\/wp-json\/wp\/v2\/media?parent=127563"}],"wp:term":[{"taxonomy":"category","embeddable":true,"href":"https:\/\/blogdoedvaldomagalhaes.com.br\/index.php\/wp-json\/wp\/v2\/categories?post=127563"},{"taxonomy":"post_tag","embeddable":true,"href":"https:\/\/blogdoedvaldomagalhaes.com.br\/index.php\/wp-json\/wp\/v2\/tags?post=127563"}],"curies":[{"name":"wp","href":"https:\/\/api.w.org\/{rel}","templated":true}]}}