{"id":127559,"date":"2026-03-10T13:49:44","date_gmt":"2026-03-10T16:49:44","guid":{"rendered":"https:\/\/blogdoedvaldomagalhaes.com.br\/?p=127559"},"modified":"2026-03-10T13:49:44","modified_gmt":"2026-03-10T16:49:44","slug":"9a-mostra-sesc-de-cinema-esta-com-inscricoes-abertas","status":"publish","type":"post","link":"https:\/\/blogdoedvaldomagalhaes.com.br\/index.php\/2026\/03\/10\/9a-mostra-sesc-de-cinema-esta-com-inscricoes-abertas\/","title":{"rendered":"9\u00aa Mostra Sesc de Cinema est\u00e1 com inscri\u00e7\u00f5es abertas"},"content":{"rendered":"<p>Em meio ao sucesso do audiovisual brasileiro, cineastas e produtores independentes de todo o pa\u00eds ter\u00e3o mais uma vez a oportunidade de apresentar suas obras ao p\u00fablico na 9\u00aa Mostra Sesc de Cinema. As inscri\u00e7\u00f5es estar\u00e3o abertas entre 4 e 31 de mar\u00e7o para curtas, m\u00e9dias e longas-metragens. Poder\u00e3o concorrer as obras finalizadas a partir de 1\u00ba de janeiro de 2024 e que n\u00e3o tenham sido exibidas em circuito comercial ou em servi\u00e7os comerciais de v\u00eddeo on demand (VOD) at\u00e9 o encerramento das inscri\u00e7\u00f5es.<\/p>\n<p>Al\u00e9m da oportunidade de exibi\u00e7\u00e3o, os vencedores ser\u00e3o premiados com licenciamentos, que somam um valor total de at\u00e9 R$ 255 mil. O resultado ser\u00e1 divulgado at\u00e9 1\u00ba de julho. Ao longo das suas oito edi\u00e7\u00f5es, a Mostra j\u00e1 licenciou cerca de 400 obras do audiovisual independente nacional.<\/p>\n<p>Os filmes ser\u00e3o selecionados para tr\u00eas grupos. O primeiro deles \u00e9 o Panorama Brasil, que levar\u00e1 21 produ\u00e7\u00f5es para exibi\u00e7\u00e3o em espa\u00e7os de v\u00e1rios estados do pa\u00eds. No Panorama Estadual, os filmes circular\u00e3o por espa\u00e7os em seus respectivos estados de origem. No caso da Regi\u00e3o Norte, ser\u00e1 realizado um Panorama Regional, reunindo as produ\u00e7\u00f5es selecionadas nos estados participantes da regi\u00e3o. J\u00e1 o Panorama Infanto-Juvenil ter\u00e1 at\u00e9 10 obras voltadas a esse p\u00fablico.<\/p>\n<p>&#8220;Neste momento em que o cinema nacional vive um novo f\u00f4lego, com produ\u00e7\u00f5es que est\u00e3o lotando as salas de exibi\u00e7\u00e3o premiadas mundo afora, a Mostra Sesc de Cinema reafirma o compromisso da institui\u00e7\u00e3o com o fortalecimento do audiovisual brasileiro abrindo espa\u00e7o para filmes independentes. Ao exibir estas obras em unidades do Sesc espalhadas por todo o Brasil, damos oportunidade para que novos talentos possam alcan\u00e7ar o p\u00fablico com suas hist\u00f3rias\u201d, conta Leonardo Minernivi, gerente interino de Cultura do Departamento Nacional do Sesc.<\/p>\n<p>Vinte e um estados fazem parte da 9\u00aa Mostra Sesc de Cinema e cada um deles selecionar\u00e1 at\u00e9 duas obras, sendo uma para o Panorama Brasil e uma para destaque do Panorama Estadual. Ser\u00e3o aceitas inscri\u00e7\u00f5es de realizadores residentes nessas localidades, uma vez que as obras ser\u00e3o avaliadas por comiss\u00f5es estaduais formadas por especialistas convidados e profissionais do Sesc. Participam da 9\u00aa edi\u00e7\u00e3o os seguintes estados: Acre, Alagoas, Bahia, Distrito Federal, Esp\u00edrito Santo, Maranh\u00e3o, Mato Grosso, Mato Grosso do Sul, Minas Gerais, Par\u00e1, Para\u00edba, Paran\u00e1, Pernambuco, Rio de Janeiro, Rio Grande do Norte, Rio Grande do Sul, Rond\u00f4nia, Roraima, Santa Catarina, S\u00e3o Paulo e Tocantins.<\/p>\n<p>\u201cA Mostra contribui ainda para consolidar uma rede cultural variada, democr\u00e1tica e potente. Investir no cinema brasileiro \u00e9 investir na nossa identidade, na nossa mem\u00f3ria e na capacidade de contar nossas hist\u00f3rias para o mundo\u201d, finaliza Minervini.<\/p>\n<p>As exibi\u00e7\u00f5es do Panorama Brasil e Infantojuvenil ser\u00e3o realizadas no m\u00eas de setembro de 2026. As exibi\u00e7\u00f5es do Panorama Estadual ocorrer\u00e3o entre outubro e dezembro.<\/p>\n<p>SOBRE A MSDC &#8211; Lan\u00e7ada em 2017, a Mostra Sesc de Cinema se consolida como um dos principais canais de incentivo e fomento ao cinema independente do pa\u00eds. O projeto re\u00fane produ\u00e7\u00f5es que n\u00e3o conseguem encontrar espa\u00e7o nos circuitos comerciais, dando visibilidade \u00e0 produ\u00e7\u00e3o cinematogr\u00e1fica brasileira e contribuindo para a promo\u00e7\u00e3o de novos talentos no setor de audiovisual. A mostra tamb\u00e9m conta com a\u00e7\u00f5es formativas, como workshop, rodas de conversa, oficinas e debates.<br \/>\nSiga o Instagram @portaledvaldomagalhaes<br \/>\nFoto: ASCOM\/Sesc<\/p>\n","protected":false},"excerpt":{"rendered":"<p>Em meio ao sucesso do audiovisual brasileiro, cineastas e produtores independentes de todo o pa\u00eds ter\u00e3o mais uma vez a&hellip;<\/p>\n","protected":false},"author":1,"featured_media":127560,"comment_status":"closed","ping_status":"open","sticky":false,"template":"","format":"standard","meta":{"footnotes":""},"categories":[14120],"tags":[36079,13146,34634],"class_list":["post-127559","post","type-post","status-publish","format-standard","has-post-thumbnail","hentry","category-noticias","tag-9a-mostra-sesc-de-cinema-esta-com-inscricoes-abertas","tag-blog-edvaldo-magalhaes","tag-portal-edvaldo-magalhaes"],"_links":{"self":[{"href":"https:\/\/blogdoedvaldomagalhaes.com.br\/index.php\/wp-json\/wp\/v2\/posts\/127559","targetHints":{"allow":["GET"]}}],"collection":[{"href":"https:\/\/blogdoedvaldomagalhaes.com.br\/index.php\/wp-json\/wp\/v2\/posts"}],"about":[{"href":"https:\/\/blogdoedvaldomagalhaes.com.br\/index.php\/wp-json\/wp\/v2\/types\/post"}],"author":[{"embeddable":true,"href":"https:\/\/blogdoedvaldomagalhaes.com.br\/index.php\/wp-json\/wp\/v2\/users\/1"}],"replies":[{"embeddable":true,"href":"https:\/\/blogdoedvaldomagalhaes.com.br\/index.php\/wp-json\/wp\/v2\/comments?post=127559"}],"version-history":[{"count":1,"href":"https:\/\/blogdoedvaldomagalhaes.com.br\/index.php\/wp-json\/wp\/v2\/posts\/127559\/revisions"}],"predecessor-version":[{"id":127561,"href":"https:\/\/blogdoedvaldomagalhaes.com.br\/index.php\/wp-json\/wp\/v2\/posts\/127559\/revisions\/127561"}],"wp:featuredmedia":[{"embeddable":true,"href":"https:\/\/blogdoedvaldomagalhaes.com.br\/index.php\/wp-json\/wp\/v2\/media\/127560"}],"wp:attachment":[{"href":"https:\/\/blogdoedvaldomagalhaes.com.br\/index.php\/wp-json\/wp\/v2\/media?parent=127559"}],"wp:term":[{"taxonomy":"category","embeddable":true,"href":"https:\/\/blogdoedvaldomagalhaes.com.br\/index.php\/wp-json\/wp\/v2\/categories?post=127559"},{"taxonomy":"post_tag","embeddable":true,"href":"https:\/\/blogdoedvaldomagalhaes.com.br\/index.php\/wp-json\/wp\/v2\/tags?post=127559"}],"curies":[{"name":"wp","href":"https:\/\/api.w.org\/{rel}","templated":true}]}}