{"id":127556,"date":"2026-03-10T13:40:22","date_gmt":"2026-03-10T16:40:22","guid":{"rendered":"https:\/\/blogdoedvaldomagalhaes.com.br\/?p=127556"},"modified":"2026-03-10T14:19:41","modified_gmt":"2026-03-10T17:19:41","slug":"curso-gratuito-de-twerk-abre-inscricoes-em-caruaru-e-promove-debates-sobre-diversidade-e-saude-mental","status":"publish","type":"post","link":"https:\/\/blogdoedvaldomagalhaes.com.br\/index.php\/2026\/03\/10\/curso-gratuito-de-twerk-abre-inscricoes-em-caruaru-e-promove-debates-sobre-diversidade-e-saude-mental\/","title":{"rendered":"Curso gratuito de Twerk abre inscri\u00e7\u00f5es em Caruaru e promove debates sobre diversidade e sa\u00fade mental"},"content":{"rendered":"<p>Est\u00e3o abertas as inscri\u00e7\u00f5es para o Curso Iniciante de Twerk, realizado pela Twerk Caruaru. A forma\u00e7\u00e3o \u00e9 gratuita e voltada para mulheres e pessoas LGBTQIAPN+ a partir de 18 anos interessadas em conhecer a dan\u00e7a e suas express\u00f5es culturais por meio do movimento, fortalecendo a autoestima e a autonomia.<\/p>\n<p>Com carga hor\u00e1ria de 32 horas, o curso ser\u00e1 dividido em encontros presenciais dedicados a estudos coreogr\u00e1ficos, com foco na performance, na consci\u00eancia corporal e nas t\u00e9cnicas b\u00e1sicas da dan\u00e7a. Durante a forma\u00e7\u00e3o, os participantes aprender\u00e3o movimentos introdut\u00f3rios do twerk enquanto exploram a mistura desse estilo com outras linguagens, como o brega funk e hip hop dance.<\/p>\n<p>As aulas ser\u00e3o realizadas aos s\u00e1bados, entre abril e maio, das 8h \u00e0s 12h, no Domaine Est\u00fadio de Artes. Idealizado pela dan\u00e7arina e produtora cultural Niny Nascimento, o curso re\u00fane um time de profissionais da dan\u00e7a que conduzir\u00e3o diferentes estilos e pr\u00e1ticas corporais. A programa\u00e7\u00e3o inclui chair dance com Mayara Leitte; twerk, jazz funk e hip hop dance com Niny Nascimento; brega funk com Bri\u00ea Silva; stiletto com Willians Preto; e prepara\u00e7\u00e3o f\u00edsica com Karine Albuquerque.<\/p>\n<p>As inscri\u00e7\u00f5es podem ser feitas at\u00e9 o dia *23 de mar\u00e7o*, por meio de formul\u00e1rio online: https:\/\/docs.google.com\/forms\/d\/1dgA0ypKch09ZtOPqvF2j-x1j5y1khtmY62JSoHIlOv8\/viewform?edit_requested=true. O resultado com os 20 participantes selecionados ser\u00e1 divulgado no dia 30 de mar\u00e7o, no perfil do Instagram da Twerk Caruaru.<\/p>\n<p>O projeto \u00e9 realizado com incentivo da Secretaria de Cultura de Pernambuco, por meio do edital Funcultura Geral 2023\/2024.<\/p>\n<p>*OFICINA E RODAS DE DI\u00c1LOGO*<\/p>\n<p>Al\u00e9m do curso, que oferece certificado e ajuda de custo aos participantes selecionados, o projeto tamb\u00e9m promove *rodas de di\u00e1logo abertas ao p\u00fablico* sobre sa\u00fade mental, diversidade e direitos da popula\u00e7\u00e3o LGBTQIAPN+.<\/p>\n<p>A primeira roda acontece *no dia 13 de mar\u00e7o, \u00e0s 14h30*, no Centro Integrado de Direitos Humanos (CIDH), no bairro Maur\u00edcio de Nassau. O encontro ter\u00e1 como tema _\u201cO Impacto da Cultura Machista e LGBTf\u00f3bica na Sa\u00fade Mental das mulheres e pessoas LGBT+\u201d_ e ser\u00e1 conduzido pela psic\u00f3loga Jamilly Nascimento.<\/p>\n<p>Em abril, os encontros ser\u00e3o com Niny Nascimento e Stephane Fechine, abordando o movimento p\u00e9lvico como forma de resist\u00eancia para mulheres e pessoas LGBTQIAPN+ e a import\u00e2ncia do nome social para a comunidade trans, al\u00e9m de orienta\u00e7\u00f5es sobre o processo de retifica\u00e7\u00e3o de nome.<\/p>\n<p>Encerrando a programa\u00e7\u00e3o, no dia 30 de maio, ser\u00e1 realizada a *Oficina de Acessibilidade no Ensino de Dan\u00e7a*, ministrada por J\u00e9ssica Santos, especialista em Educa\u00e7\u00e3o Especial e Inclusiva. A inscri\u00e7\u00e3o para a oficina deve ser feita durante o m\u00eas maio, atrav\u00e9s de um formul\u00e1rio dispon\u00edvel na bio do Instagram @twerk.caruaru.<\/p>\n<p>*SERVI\u00c7O*<\/p>\n<p>*Curso Iniciante de Twerk em Caruaru*<\/p>\n<p>Inscri\u00e7\u00f5es de 9 a 23 de mar\u00e7o de 2026<br \/>\n20 vagas<br \/>\nFormul\u00e1rio: https:\/\/docs.google.com\/forms\/d\/1dgA0ypKch09ZtOPqvF2j-x1j5y1khtmY62JSoHIlOv8\/viewform?edit_requested=true<\/p>\n<p>*Rodas de di\u00e1logo (abertas ao p\u00fablico)*<\/p>\n<p>13 de mar\u00e7o | 14h30<br \/>\n&#8211; O Impacto da Cultura Machista e LGBTf\u00f3bica na Sa\u00fade Mental das mulheres e pessoas LGBT+, com a psic\u00f3loga Jamilly Nascimento (CRP 02\/29339).<\/p>\n<p>7 de abril | 14h30<br \/>\n&#8211; O movimento p\u00e9lvico como s\u00edmbolo de resist\u00eancia para mulheres e pessoas LGBTQIAPN+, com Niny Nascimento.<br \/>\n&#8211; A import\u00e2ncia do nome social para a comunidade trans e como fazer a retifica\u00e7\u00e3o de nome, com Stephane Fechine.<\/p>\n<p>Local: Centro Integrado de Direitos Humanos (Av. da Rep\u00fablica, 557 \u2013 Maur\u00edcio de Nassau)<\/p>\n<p>*Oficina*<\/p>\n<p>30 de maio | 8h \u00e0s 12h<\/p>\n<p>&#8211; Acessibilidade no Ensino de Dan\u00e7a, com J\u00e9ssica Santos<\/p>\n<p>Local: Domaine Est\u00fadio de Artes (Av. da Rep\u00fablica, 321 \u2013 Maur\u00edcio de Nassau)<\/p>\n<p>Mais informa\u00e7\u00f5es no Instagram da @twerk.caruaru<br \/>\nSiga o Instagram @portaledvaldomagalhaes<br \/>\nFoto: Dayana Lopes<\/p>\n","protected":false},"excerpt":{"rendered":"<p>Est\u00e3o abertas as inscri\u00e7\u00f5es para o Curso Iniciante de Twerk, realizado pela Twerk Caruaru. A forma\u00e7\u00e3o \u00e9 gratuita e voltada&hellip;<\/p>\n","protected":false},"author":1,"featured_media":127557,"comment_status":"closed","ping_status":"open","sticky":false,"template":"","format":"standard","meta":{"footnotes":""},"categories":[14120],"tags":[13146,36078,34634],"class_list":["post-127556","post","type-post","status-publish","format-standard","has-post-thumbnail","hentry","category-noticias","tag-blog-edvaldo-magalhaes","tag-curso-gratuito-de-twerk-abre-inscricoes-em-caruaru-e-promove-debates-sobre-diversidade-e-saude-mental","tag-portal-edvaldo-magalhaes"],"_links":{"self":[{"href":"https:\/\/blogdoedvaldomagalhaes.com.br\/index.php\/wp-json\/wp\/v2\/posts\/127556","targetHints":{"allow":["GET"]}}],"collection":[{"href":"https:\/\/blogdoedvaldomagalhaes.com.br\/index.php\/wp-json\/wp\/v2\/posts"}],"about":[{"href":"https:\/\/blogdoedvaldomagalhaes.com.br\/index.php\/wp-json\/wp\/v2\/types\/post"}],"author":[{"embeddable":true,"href":"https:\/\/blogdoedvaldomagalhaes.com.br\/index.php\/wp-json\/wp\/v2\/users\/1"}],"replies":[{"embeddable":true,"href":"https:\/\/blogdoedvaldomagalhaes.com.br\/index.php\/wp-json\/wp\/v2\/comments?post=127556"}],"version-history":[{"count":1,"href":"https:\/\/blogdoedvaldomagalhaes.com.br\/index.php\/wp-json\/wp\/v2\/posts\/127556\/revisions"}],"predecessor-version":[{"id":127558,"href":"https:\/\/blogdoedvaldomagalhaes.com.br\/index.php\/wp-json\/wp\/v2\/posts\/127556\/revisions\/127558"}],"wp:featuredmedia":[{"embeddable":true,"href":"https:\/\/blogdoedvaldomagalhaes.com.br\/index.php\/wp-json\/wp\/v2\/media\/127557"}],"wp:attachment":[{"href":"https:\/\/blogdoedvaldomagalhaes.com.br\/index.php\/wp-json\/wp\/v2\/media?parent=127556"}],"wp:term":[{"taxonomy":"category","embeddable":true,"href":"https:\/\/blogdoedvaldomagalhaes.com.br\/index.php\/wp-json\/wp\/v2\/categories?post=127556"},{"taxonomy":"post_tag","embeddable":true,"href":"https:\/\/blogdoedvaldomagalhaes.com.br\/index.php\/wp-json\/wp\/v2\/tags?post=127556"}],"curies":[{"name":"wp","href":"https:\/\/api.w.org\/{rel}","templated":true}]}}