{"id":127548,"date":"2026-03-09T22:32:04","date_gmt":"2026-03-10T01:32:04","guid":{"rendered":"https:\/\/blogdoedvaldomagalhaes.com.br\/?p=127548"},"modified":"2026-03-09T22:37:28","modified_gmt":"2026-03-10T01:37:28","slug":"prf-apreende-em-caruaru-37-ampolas-de-moderador-de-apetite-proibido","status":"publish","type":"post","link":"https:\/\/blogdoedvaldomagalhaes.com.br\/index.php\/2026\/03\/09\/prf-apreende-em-caruaru-37-ampolas-de-moderador-de-apetite-proibido\/","title":{"rendered":"PRF apreende em Caruaru 37 ampolas de moderador de apetite proibido"},"content":{"rendered":"<p>Um total de 37 ampolas de uma marca de moderador de apetite proibida de ser comercializada no Brasil foi apreendido pela Pol\u00edcia Rodovi\u00e1ria Federal (PRF), nesta segunda-feira (9), em Caruaru, no Agreste pernambucano. O medicamento a base de &#8220;tirzepatida&#8221;, estava escondido no forro do teto de um carro sem refrigera\u00e7\u00e3o.<\/p>\n<p>Na noite de sexta-feira (6), um carro foi abordado na BR 232, em S\u00e3o Caetano, e recolhido ao p\u00e1tio por estar com o licenciamento atrasado. Nesta segunda-feira, uma equipe da PRF realizou uma verifica\u00e7\u00e3o detalhada no ve\u00edculo e encontrou os frascos do medicamento em um compartimento oculto.<\/p>\n<p><img loading=\"lazy\" decoding=\"async\" src=\"https:\/\/blogdoedvaldomagalhaes.com.br\/wp-content\/uploads\/2026\/03\/img-20260309-wa02691156378368775996.jpg\" class=\"wp-image-127553 alignnone size-full\" width=\"747\" height=\"1600\" srcset=\"https:\/\/blogdoedvaldomagalhaes.com.br\/wp-content\/uploads\/2026\/03\/img-20260309-wa02691156378368775996.jpg 747w, https:\/\/blogdoedvaldomagalhaes.com.br\/wp-content\/uploads\/2026\/03\/img-20260309-wa02691156378368775996-140x300.jpg 140w, https:\/\/blogdoedvaldomagalhaes.com.br\/wp-content\/uploads\/2026\/03\/img-20260309-wa02691156378368775996-478x1024.jpg 478w, https:\/\/blogdoedvaldomagalhaes.com.br\/wp-content\/uploads\/2026\/03\/img-20260309-wa02691156378368775996-717x1536.jpg 717w\" sizes=\"auto, (max-width: 747px) 100vw, 747px\" \/><\/p>\n<p>Al\u00e9m de ser proibida pela Anvisa a comercializa\u00e7\u00e3o da marca apreendida, a subst\u00e2ncia deve ser armazenada em uma temperatura de 2\u2070C a 8\u2070C, para n\u00e3o prejudicar a efic\u00e1cia do medicamento e a sa\u00fade de quem utiliza. O motorista foi identificado no dia da abordagem, mas n\u00e3o apareceu para reaver o ve\u00edculo.<\/p>\n<p>Os frascos foram encaminhados \u00e0 Delegacia de Pol\u00edcia Federal em Caruaru. Fotos: Divulga\u00e7\u00e3o\/PRF.<br \/>\nSiga o Instagram @portaledvaldomagalhaes<\/p>\n","protected":false},"excerpt":{"rendered":"<p>Um total de 37 ampolas de uma marca de moderador de apetite proibida de ser comercializada no Brasil foi apreendido&hellip;<\/p>\n","protected":false},"author":1,"featured_media":127549,"comment_status":"closed","ping_status":"open","sticky":false,"template":"","format":"standard","meta":{"footnotes":""},"categories":[14121],"tags":[13146,34634,36077],"class_list":["post-127548","post","type-post","status-publish","format-standard","has-post-thumbnail","hentry","category-policial","tag-blog-edvaldo-magalhaes","tag-portal-edvaldo-magalhaes","tag-prf-apreende-em-caruaru-37-ampolas-de-moderador-de-apetite-proibido"],"_links":{"self":[{"href":"https:\/\/blogdoedvaldomagalhaes.com.br\/index.php\/wp-json\/wp\/v2\/posts\/127548","targetHints":{"allow":["GET"]}}],"collection":[{"href":"https:\/\/blogdoedvaldomagalhaes.com.br\/index.php\/wp-json\/wp\/v2\/posts"}],"about":[{"href":"https:\/\/blogdoedvaldomagalhaes.com.br\/index.php\/wp-json\/wp\/v2\/types\/post"}],"author":[{"embeddable":true,"href":"https:\/\/blogdoedvaldomagalhaes.com.br\/index.php\/wp-json\/wp\/v2\/users\/1"}],"replies":[{"embeddable":true,"href":"https:\/\/blogdoedvaldomagalhaes.com.br\/index.php\/wp-json\/wp\/v2\/comments?post=127548"}],"version-history":[{"count":4,"href":"https:\/\/blogdoedvaldomagalhaes.com.br\/index.php\/wp-json\/wp\/v2\/posts\/127548\/revisions"}],"predecessor-version":[{"id":127555,"href":"https:\/\/blogdoedvaldomagalhaes.com.br\/index.php\/wp-json\/wp\/v2\/posts\/127548\/revisions\/127555"}],"wp:featuredmedia":[{"embeddable":true,"href":"https:\/\/blogdoedvaldomagalhaes.com.br\/index.php\/wp-json\/wp\/v2\/media\/127549"}],"wp:attachment":[{"href":"https:\/\/blogdoedvaldomagalhaes.com.br\/index.php\/wp-json\/wp\/v2\/media?parent=127548"}],"wp:term":[{"taxonomy":"category","embeddable":true,"href":"https:\/\/blogdoedvaldomagalhaes.com.br\/index.php\/wp-json\/wp\/v2\/categories?post=127548"},{"taxonomy":"post_tag","embeddable":true,"href":"https:\/\/blogdoedvaldomagalhaes.com.br\/index.php\/wp-json\/wp\/v2\/tags?post=127548"}],"curies":[{"name":"wp","href":"https:\/\/api.w.org\/{rel}","templated":true}]}}