{"id":127540,"date":"2026-03-09T21:57:18","date_gmt":"2026-03-10T00:57:18","guid":{"rendered":"https:\/\/blogdoedvaldomagalhaes.com.br\/?p=127540"},"modified":"2026-03-09T21:57:44","modified_gmt":"2026-03-10T00:57:44","slug":"na-comunidade-do-bode-governadora-raquel-lyra-inaugura-o-pe-na-comunidade-entrega-novos-145-titulos-de-propriedade-e-87-casas-reformadas","status":"publish","type":"post","link":"https:\/\/blogdoedvaldomagalhaes.com.br\/index.php\/2026\/03\/09\/na-comunidade-do-bode-governadora-raquel-lyra-inaugura-o-pe-na-comunidade-entrega-novos-145-titulos-de-propriedade-e-87-casas-reformadas\/","title":{"rendered":"Na Comunidade do Bode, governadora Raquel Lyra inaugura o PE na Comunidade, entrega novos 145 t\u00edtulos de propriedade e 87 casas reformadas"},"content":{"rendered":"<p>A Comunidade do Bode, na Zona Sul do Recife, recebeu, nesta segunda-feira (9), um conjunto de a\u00e7\u00f5es do Governo de Pernambuco voltadas \u00e0 melhoria das condi\u00e7\u00f5es de moradia, \u00e0 regulariza\u00e7\u00e3o fundi\u00e1ria e \u00e0 amplia\u00e7\u00e3o do acesso da popula\u00e7\u00e3o a servi\u00e7os p\u00fablicos. Durante a agenda, a governadora Raquel Lyra inaugurou o primeiro espa\u00e7o comunit\u00e1rio do programa PE na Comunidade, iniciativa que leva atendimentos e orienta\u00e7\u00f5es sobre pol\u00edticas p\u00fablicas diretamente para dentro das comunidades, al\u00e9m de realizar a entrega de 145 t\u00edtulos de regulariza\u00e7\u00e3o de im\u00f3veis e de 87 casas reformadas por meio do programa Morar Bem Pernambuco.<\/p>\n<p>\u201cHoje a gente inaugura aqui no Bode o PE na Comunidade, onde vamos poder orientar as pessoas sobre os servi\u00e7os prestados pelo Estado, como a emiss\u00e3o de alguns documentos e o acesso a pol\u00edticas p\u00fablicas. Estamos fazendo tamb\u00e9m a entrega de mais 145 t\u00edtulos de propriedade, garantindo seguran\u00e7a jur\u00eddica e dignidade para essas fam\u00edlias. Aqui tamb\u00e9m chegamos a quase 300 casas reformadas por meio do programa Reforma no Lar, melhorando as condi\u00e7\u00f5es de moradia\u201d, ressaltou a governadora Raquel Lyra.<\/p>\n<p>Presente na agenda, a vice-governadora Priscila Krause destacou a import\u00e2ncia das entregas realizadas e da presen\u00e7a da gest\u00e3o estadual na comunidade. \u201cEntregas como essa mostram a atua\u00e7\u00e3o do Governo de Pernambuco nas periferias do Recife. Aqui, podemos enxergar mudan\u00e7as de verdade acontecendo na vida das pessoas, com a\u00e7\u00f5es que chegam para garantir mais dignidade e acesso a servi\u00e7os\u201d, pontuou.<\/p>\n<p><img loading=\"lazy\" decoding=\"async\" src=\"https:\/\/blogdoedvaldomagalhaes.com.br\/wp-content\/uploads\/2026\/03\/img-20260309-wa02634434919348548801531.jpg\" class=\"wp-image-127545 alignnone size-full\" width=\"1280\" height=\"853\" srcset=\"https:\/\/blogdoedvaldomagalhaes.com.br\/wp-content\/uploads\/2026\/03\/img-20260309-wa02634434919348548801531.jpg 1280w, https:\/\/blogdoedvaldomagalhaes.com.br\/wp-content\/uploads\/2026\/03\/img-20260309-wa02634434919348548801531-300x200.jpg 300w, https:\/\/blogdoedvaldomagalhaes.com.br\/wp-content\/uploads\/2026\/03\/img-20260309-wa02634434919348548801531-1024x682.jpg 1024w, https:\/\/blogdoedvaldomagalhaes.com.br\/wp-content\/uploads\/2026\/03\/img-20260309-wa02634434919348548801531-768x512.jpg 768w\" sizes=\"auto, (max-width: 1280px) 100vw, 1280px\" \/><\/p>\n<p>Al\u00e9m da Comunidade do Bode, o PE na Comunidade tamb\u00e9m foi lan\u00e7ado em outras duas comunidades: Jardim Monte Verde, entre Recife e Jaboat\u00e3o dos Guararapes, e Roda de Fogo, na Zona Oeste do Recife. A popula\u00e7\u00e3o vai poder contar com servi\u00e7os como emiss\u00e3o e consulta do NIS, Carteira de Pessoa Idosa, segunda via do CPF, recupera\u00e7\u00e3o da senha GOV.BR, inscri\u00e7\u00e3o no programa M\u00e3es de Pernambuco. Os espa\u00e7os j\u00e1 come\u00e7am a funcionar a partir desta ter\u00e7a-feira (10), com hor\u00e1rios das 8h \u00e0s 17h, de segunda a sexta-feira. \u201c\u00c9 uma estrat\u00e9gia da gente trazer servi\u00e7os p\u00fablicos para perto da popula\u00e7\u00e3o. Quando precisar, \u00e9 s\u00f3 o morador procurar o espa\u00e7o, que ter\u00e1 no local um assistente social e um psic\u00f3logo\u201d, afirmou o secret\u00e1rio executivo de Periferias de Pernambuco, Pedro Ribeiro.<\/p>\n<p>Na mesma ocasi\u00e3o, a governadora realizou a entrega de 87 unidades habitacionais reformadas na Comunidade do Bode, por meio do programa Morar Bem Pernambuco, na modalidade Reforma no Lar, executado pela Secretaria de Desenvolvimento Urbano e Habita\u00e7\u00e3o. Com esta etapa, a comunidade passa a contar com 262 unidades habitacionais finalizadas e entregues \u00e0 popula\u00e7\u00e3o. O investimento nas reformas pode chegar a at\u00e9 R$ 18 mil por im\u00f3vel.<\/p>\n<p>Ap\u00f3s receber a visita da governadora na sua casa, uma das beneficiadas, Cassiane Rodrigues, de 44 anos e moradora da comunidade h\u00e1 40 anos, agradeceu pela reforma da casa, que teve revestimento de piso, pintura, reboco e instala\u00e7\u00e3o de novas portas. \u201cEstou muito grata. \u00c9 um al\u00edvio di\u00e1rio com essa reforma\u201d, frisou a moradora. \u201cEssas reformas trazem, sem d\u00favida, uma grande melhoria de qualidade de vida das pessoas, que recebem uma casa totalmente reformada, garantindo o direito \u00e0 moradia\u201d, comentou o diretor-presidente da Companhia Estadual de Habita\u00e7\u00e3o e Obras (Cehab), Paulo Lira.<\/p>\n<p><img loading=\"lazy\" decoding=\"async\" src=\"https:\/\/blogdoedvaldomagalhaes.com.br\/wp-content\/uploads\/2026\/03\/img-20260309-wa02615918370842260393785.jpg\" class=\"wp-image-127546 alignnone size-full\" width=\"1280\" height=\"853\" srcset=\"https:\/\/blogdoedvaldomagalhaes.com.br\/wp-content\/uploads\/2026\/03\/img-20260309-wa02615918370842260393785.jpg 1280w, https:\/\/blogdoedvaldomagalhaes.com.br\/wp-content\/uploads\/2026\/03\/img-20260309-wa02615918370842260393785-300x200.jpg 300w, https:\/\/blogdoedvaldomagalhaes.com.br\/wp-content\/uploads\/2026\/03\/img-20260309-wa02615918370842260393785-1024x682.jpg 1024w, https:\/\/blogdoedvaldomagalhaes.com.br\/wp-content\/uploads\/2026\/03\/img-20260309-wa02615918370842260393785-768x512.jpg 768w\" sizes=\"auto, (max-width: 1280px) 100vw, 1280px\" \/><\/p>\n<p>T\u00cdTULOS DE PROPRIEDADES \u2013 Al\u00e9m disso, a governadora garantiu a 145 moradores a regulariza\u00e7\u00e3o imobili\u00e1ria de suas casas, totalizando 209 t\u00edtulos j\u00e1 concedidos na comunidade. A regulariza\u00e7\u00e3o da planta da Comunidade do Bode \u00e9 realizada em conjunto com a Superintend\u00eancia do Patrim\u00f4nio da Uni\u00e3o em Pernambuco, o Tribunal de Justi\u00e7a e os cart\u00f3rios. Para Adelino Queiroz, de 62 anos e morador da comunidade desde 1980, a entrega da escritura imobili\u00e1ria significa dignidade. \u201cO Governo est\u00e1 dando o direito para as pessoas que realmente compraram sua terra. Isso facilita a vida de todos n\u00f3s\u201d, frisou.<\/p>\n<p>A regulariza\u00e7\u00e3o \u00e9 realizada pela Pernambuco Participa\u00e7\u00f5es e Investimentos S\/A (Perpart). \u201cHoje a gente alcan\u00e7a a marca de mais de 200 fam\u00edlias beneficiadas com o t\u00edtulo de propriedade. Isso faz o im\u00f3vel valer mais, faz a pessoa ter seguran\u00e7a jur\u00eddica e dignidade para a vida das pessoas\u201d, afirmou o presidente da Perpart, Francisco Amaral.<\/p>\n<p>Acompanhando a agenda da governadora, o deputado estadual Jo\u00e3o Paulo Lima afirmou que a Comunidade do Bode vive um dia hist\u00f3rico. \u201cTudo que voc\u00eas constru\u00edram at\u00e9 hoje, agora \u00e9 constitu\u00eddo pela lei. Quando voc\u00ea entrega um t\u00edtulo de posse voc\u00ea entrega dignidade para o povo\u201d, disse o parlamentar. J\u00e1 a vereadora do Recife Fl\u00e1via de Nadegi, ressaltou os investimentos realizados pela gest\u00e3o. \u201cA grande obra do Governo de Pernambuco \u00e9 cuidar das periferias\u201d, disse.<\/p>\n<p>Acompanharam tamb\u00e9m a agenda a secret\u00e1ria Ivete Lacerda (Esportes); o secret\u00e1rio executivo de Promo\u00e7\u00e3o dos Direitos da Pessoa com Defici\u00eancia, Marcos Gervasio; a coordenadora de regulariza\u00e7\u00e3o e demanda judiciais do TJPE, Fernanda Pessoa; al\u00e9m de vereadores e lideran\u00e7as locais. Siga o Instagram @portaledvaldomagalhaes<br \/>\nFotos: Jana\u00edna Pepeu\/Secom<\/p>\n","protected":false},"excerpt":{"rendered":"<p>A Comunidade do Bode, na Zona Sul do Recife, recebeu, nesta segunda-feira (9), um conjunto de a\u00e7\u00f5es do Governo de&hellip;<\/p>\n","protected":false},"author":1,"featured_media":127544,"comment_status":"closed","ping_status":"open","sticky":false,"template":"","format":"standard","meta":{"footnotes":""},"categories":[14122],"tags":[13146,36076,36075,20,34634],"class_list":["post-127540","post","type-post","status-publish","format-standard","has-post-thumbnail","hentry","category-politica","tag-blog-edvaldo-magalhaes","tag-governadora-raquel-lyra-inaugura-o-pe-na-comunidade-entrega-novos-145-titulos-de-propriedade-e-87-casas-reformadas","tag-na-comunidade-do-bode","tag-politica","tag-portal-edvaldo-magalhaes"],"_links":{"self":[{"href":"https:\/\/blogdoedvaldomagalhaes.com.br\/index.php\/wp-json\/wp\/v2\/posts\/127540","targetHints":{"allow":["GET"]}}],"collection":[{"href":"https:\/\/blogdoedvaldomagalhaes.com.br\/index.php\/wp-json\/wp\/v2\/posts"}],"about":[{"href":"https:\/\/blogdoedvaldomagalhaes.com.br\/index.php\/wp-json\/wp\/v2\/types\/post"}],"author":[{"embeddable":true,"href":"https:\/\/blogdoedvaldomagalhaes.com.br\/index.php\/wp-json\/wp\/v2\/users\/1"}],"replies":[{"embeddable":true,"href":"https:\/\/blogdoedvaldomagalhaes.com.br\/index.php\/wp-json\/wp\/v2\/comments?post=127540"}],"version-history":[{"count":4,"href":"https:\/\/blogdoedvaldomagalhaes.com.br\/index.php\/wp-json\/wp\/v2\/posts\/127540\/revisions"}],"predecessor-version":[{"id":127547,"href":"https:\/\/blogdoedvaldomagalhaes.com.br\/index.php\/wp-json\/wp\/v2\/posts\/127540\/revisions\/127547"}],"wp:featuredmedia":[{"embeddable":true,"href":"https:\/\/blogdoedvaldomagalhaes.com.br\/index.php\/wp-json\/wp\/v2\/media\/127544"}],"wp:attachment":[{"href":"https:\/\/blogdoedvaldomagalhaes.com.br\/index.php\/wp-json\/wp\/v2\/media?parent=127540"}],"wp:term":[{"taxonomy":"category","embeddable":true,"href":"https:\/\/blogdoedvaldomagalhaes.com.br\/index.php\/wp-json\/wp\/v2\/categories?post=127540"},{"taxonomy":"post_tag","embeddable":true,"href":"https:\/\/blogdoedvaldomagalhaes.com.br\/index.php\/wp-json\/wp\/v2\/tags?post=127540"}],"curies":[{"name":"wp","href":"https:\/\/api.w.org\/{rel}","templated":true}]}}