{"id":127536,"date":"2026-03-09T20:31:08","date_gmt":"2026-03-09T23:31:08","guid":{"rendered":"https:\/\/blogdoedvaldomagalhaes.com.br\/?p=127536"},"modified":"2026-03-09T20:31:08","modified_gmt":"2026-03-09T23:31:08","slug":"guarda-municipal-de-caruaru-recupera-quadros-de-motocicletas-com-registro-de-roubo","status":"publish","type":"post","link":"https:\/\/blogdoedvaldomagalhaes.com.br\/index.php\/2026\/03\/09\/guarda-municipal-de-caruaru-recupera-quadros-de-motocicletas-com-registro-de-roubo\/","title":{"rendered":"Guarda Municipal de Caruaru recupera quadros de motocicletas com registro de roubo"},"content":{"rendered":"<p>A Guarda Municipal de Caruaru recuperou, na manh\u00e3 desta segunda-feira (09.03), tr\u00eas quadros de motocicletas com registro de roubo\/furto que estavam abandonados nas proximidades do aeroporto do munic\u00edpio.<\/p>\n<p>A equipe recebeu a comunica\u00e7\u00e3o de que havia estruturas de motocicletas deixadas no local. Os agentes se deslocaram imediatamente at\u00e9 a \u00e1rea indicada, onde localizaram tr\u00eas quadros de motos depenados.<\/p>\n<p>Ap\u00f3s verifica\u00e7\u00e3o, foi constatado que os ve\u00edculos possu\u00edam restri\u00e7\u00e3o de roubo\/furto. Diante da situa\u00e7\u00e3o, o material foi recolhido e encaminhado \u00e0 Delegacia de Pol\u00edcia Civil, onde foram adotadas as medidas cab\u00edveis.<\/p>\n<p>A ocorr\u00eancia foi atendida pela equipe da Patrulha Rural da Guarda Municipal, que realizou os procedimentos necess\u00e1rios para a recupera\u00e7\u00e3o dos ve\u00edculos e encaminhamento do caso \u00e0s autoridades competentes.<br \/>\nSiga o Instagram @portaledvaldomagalhaes<br \/>\nFoto: Divulga\u00e7\u00e3o\/GMC<\/p>\n","protected":false},"excerpt":{"rendered":"<p>A Guarda Municipal de Caruaru recuperou, na manh\u00e3 desta segunda-feira (09.03), tr\u00eas quadros de motocicletas com registro de roubo\/furto que&hellip;<\/p>\n","protected":false},"author":1,"featured_media":127537,"comment_status":"closed","ping_status":"open","sticky":false,"template":"","format":"standard","meta":{"footnotes":""},"categories":[14121],"tags":[13146,36074,34634],"class_list":["post-127536","post","type-post","status-publish","format-standard","has-post-thumbnail","hentry","category-policial","tag-blog-edvaldo-magalhaes","tag-guarda-municipal-de-caruaru-recupera-quadros-de-motocicletas-com-registro-de-roubo","tag-portal-edvaldo-magalhaes"],"_links":{"self":[{"href":"https:\/\/blogdoedvaldomagalhaes.com.br\/index.php\/wp-json\/wp\/v2\/posts\/127536","targetHints":{"allow":["GET"]}}],"collection":[{"href":"https:\/\/blogdoedvaldomagalhaes.com.br\/index.php\/wp-json\/wp\/v2\/posts"}],"about":[{"href":"https:\/\/blogdoedvaldomagalhaes.com.br\/index.php\/wp-json\/wp\/v2\/types\/post"}],"author":[{"embeddable":true,"href":"https:\/\/blogdoedvaldomagalhaes.com.br\/index.php\/wp-json\/wp\/v2\/users\/1"}],"replies":[{"embeddable":true,"href":"https:\/\/blogdoedvaldomagalhaes.com.br\/index.php\/wp-json\/wp\/v2\/comments?post=127536"}],"version-history":[{"count":1,"href":"https:\/\/blogdoedvaldomagalhaes.com.br\/index.php\/wp-json\/wp\/v2\/posts\/127536\/revisions"}],"predecessor-version":[{"id":127538,"href":"https:\/\/blogdoedvaldomagalhaes.com.br\/index.php\/wp-json\/wp\/v2\/posts\/127536\/revisions\/127538"}],"wp:featuredmedia":[{"embeddable":true,"href":"https:\/\/blogdoedvaldomagalhaes.com.br\/index.php\/wp-json\/wp\/v2\/media\/127537"}],"wp:attachment":[{"href":"https:\/\/blogdoedvaldomagalhaes.com.br\/index.php\/wp-json\/wp\/v2\/media?parent=127536"}],"wp:term":[{"taxonomy":"category","embeddable":true,"href":"https:\/\/blogdoedvaldomagalhaes.com.br\/index.php\/wp-json\/wp\/v2\/categories?post=127536"},{"taxonomy":"post_tag","embeddable":true,"href":"https:\/\/blogdoedvaldomagalhaes.com.br\/index.php\/wp-json\/wp\/v2\/tags?post=127536"}],"curies":[{"name":"wp","href":"https:\/\/api.w.org\/{rel}","templated":true}]}}