{"id":127533,"date":"2026-03-09T20:26:25","date_gmt":"2026-03-09T23:26:25","guid":{"rendered":"https:\/\/blogdoedvaldomagalhaes.com.br\/?p=127533"},"modified":"2026-03-09T20:26:25","modified_gmt":"2026-03-09T23:26:25","slug":"encontro-com-o-movimento-hip-hop-sera-realizado-em-caruaru-nesta-terca-10","status":"publish","type":"post","link":"https:\/\/blogdoedvaldomagalhaes.com.br\/index.php\/2026\/03\/09\/encontro-com-o-movimento-hip-hop-sera-realizado-em-caruaru-nesta-terca-10\/","title":{"rendered":"Encontro com o Movimento Hip-Hop ser\u00e1 realizado em Caruaru nesta ter\u00e7a (10)"},"content":{"rendered":"<p>O Encontro com o Movimento Hip-Hop de Caruaru ser\u00e1 realizado nesta ter\u00e7a-feira (10.03), \u00e0s 18h, no audit\u00f3rio da Secretaria de Assist\u00eancia Social e Combate \u00e0 Fome (SAS), localizado na Pra\u00e7a Pedro de Souza, no bairro Nossa Senhora das Dores.<\/p>\n<p>A iniciativa \u00e9 voltada a representantes do rap, break, graffiti e DJs, com o objetivo de fortalecer o di\u00e1logo com a cultura urbana da cidade. Durante o encontro, tamb\u00e9m ser\u00e3o apresentadas iniciativas voltadas \u00e0 juventude previstas para 2026, al\u00e9m da escuta de demandas do movimento e do incentivo \u00e0 economia criativa ligada \u00e0 cultura de rua.<\/p>\n<p>A realiza\u00e7\u00e3o \u00e9 da Secretaria de Assist\u00eancia Social e Combate \u00e0 Fome (SAS), por meio da Secretaria Executiva de Juventudes (Sejuve).<br \/>\nSiga o Instagram @portaledvaldomagalhaes<br \/>\nFoto: Divulga\u00e7\u00e3o <\/p>\n","protected":false},"excerpt":{"rendered":"<p>O Encontro com o Movimento Hip-Hop de Caruaru ser\u00e1 realizado nesta ter\u00e7a-feira (10.03), \u00e0s 18h, no audit\u00f3rio da Secretaria de&hellip;<\/p>\n","protected":false},"author":1,"featured_media":127534,"comment_status":"closed","ping_status":"open","sticky":false,"template":"","format":"standard","meta":{"footnotes":""},"categories":[14120],"tags":[13146,36073,34634],"class_list":["post-127533","post","type-post","status-publish","format-standard","has-post-thumbnail","hentry","category-noticias","tag-blog-edvaldo-magalhaes","tag-encontro-com-o-movimento-hip-hop-sera-realizado-em-caruaru-nesta-terca-10","tag-portal-edvaldo-magalhaes"],"_links":{"self":[{"href":"https:\/\/blogdoedvaldomagalhaes.com.br\/index.php\/wp-json\/wp\/v2\/posts\/127533","targetHints":{"allow":["GET"]}}],"collection":[{"href":"https:\/\/blogdoedvaldomagalhaes.com.br\/index.php\/wp-json\/wp\/v2\/posts"}],"about":[{"href":"https:\/\/blogdoedvaldomagalhaes.com.br\/index.php\/wp-json\/wp\/v2\/types\/post"}],"author":[{"embeddable":true,"href":"https:\/\/blogdoedvaldomagalhaes.com.br\/index.php\/wp-json\/wp\/v2\/users\/1"}],"replies":[{"embeddable":true,"href":"https:\/\/blogdoedvaldomagalhaes.com.br\/index.php\/wp-json\/wp\/v2\/comments?post=127533"}],"version-history":[{"count":1,"href":"https:\/\/blogdoedvaldomagalhaes.com.br\/index.php\/wp-json\/wp\/v2\/posts\/127533\/revisions"}],"predecessor-version":[{"id":127535,"href":"https:\/\/blogdoedvaldomagalhaes.com.br\/index.php\/wp-json\/wp\/v2\/posts\/127533\/revisions\/127535"}],"wp:featuredmedia":[{"embeddable":true,"href":"https:\/\/blogdoedvaldomagalhaes.com.br\/index.php\/wp-json\/wp\/v2\/media\/127534"}],"wp:attachment":[{"href":"https:\/\/blogdoedvaldomagalhaes.com.br\/index.php\/wp-json\/wp\/v2\/media?parent=127533"}],"wp:term":[{"taxonomy":"category","embeddable":true,"href":"https:\/\/blogdoedvaldomagalhaes.com.br\/index.php\/wp-json\/wp\/v2\/categories?post=127533"},{"taxonomy":"post_tag","embeddable":true,"href":"https:\/\/blogdoedvaldomagalhaes.com.br\/index.php\/wp-json\/wp\/v2\/tags?post=127533"}],"curies":[{"name":"wp","href":"https:\/\/api.w.org\/{rel}","templated":true}]}}