{"id":127527,"date":"2026-03-09T17:55:41","date_gmt":"2026-03-09T20:55:41","guid":{"rendered":"https:\/\/blogdoedvaldomagalhaes.com.br\/?p=127527"},"modified":"2026-03-09T17:55:41","modified_gmt":"2026-03-09T20:55:41","slug":"mes-da-mulher-senai-caruaru-oferece-260-bolsas-gratuitas-para-cursos-exclusivos","status":"publish","type":"post","link":"https:\/\/blogdoedvaldomagalhaes.com.br\/index.php\/2026\/03\/09\/mes-da-mulher-senai-caruaru-oferece-260-bolsas-gratuitas-para-cursos-exclusivos\/","title":{"rendered":"M\u00eas da Mulher: SENAI Caruaru oferece 260 bolsas gratuitas para cursos exclusivos"},"content":{"rendered":"<p>M\u00eas da Mulher: SENAI Caruaru oferece 260 bolsas gratuitas para cursos exclusivos<br \/>\n_Capacita\u00e7\u00f5es em fabrica\u00e7\u00e3o de bolos e tortas, opera\u00e7\u00e3o com empilhadeira e no\u00e7\u00f5es de costura industrial est\u00e3o entre as op\u00e7\u00f5es; uma turma \u00e9 exclusiva para mulheres 50+_<\/p>\n<p>Conquistar a autonomia financeira est\u00e1 entre as principais prioridades das mulheres brasileiras, segundo a pesquisa Mulheres e Mercado de Trabalho, divulgada no \u00faltimo dia 7 de mar\u00e7o pela consultoria Maya. O levantamento evidencia o desejo crescente por independ\u00eancia econ\u00f4mica e mais oportunidades profissionais. Atento a esse cen\u00e1rio e \u00e0 import\u00e2ncia da qualifica\u00e7\u00e3o para ampliar a participa\u00e7\u00e3o feminina no ambiente profissional, o SENAI Caruaru preparou uma programa\u00e7\u00e3o especial de cursos gratuitos e exclusivos em comemora\u00e7\u00e3o ao M\u00eas da Mulher.<\/p>\n<p>Ao todo, est\u00e3o sendo ofertadas 260 vagas distribu\u00eddas em 11 turmas nas \u00e1reas de Fabrica\u00e7\u00e3o de Bolos e Tortas (20h), Fabrica\u00e7\u00e3o de Doces e Geleias (20h), Opera\u00e7\u00e3o com Empilhadeira (20h), T\u00e9cnicas de Manuten\u00e7\u00e3o El\u00e9trica Predial e Industrial (40h), No\u00e7\u00f5es de Costura Industrial (20h), Modelagem B\u00e1sica Industrial (40h) e Atualiza\u00e7\u00e3o para Opera\u00e7\u00e3o com Empilhadeira (8h). Para concorrer \u00e0s bolsas, \u00e9 necess\u00e1rio ter idade m\u00ednima de 16 anos, exceto para os cursos de Opera\u00e7\u00e3o com Empilhadeira, que exigem idade m\u00ednima de 18 anos, al\u00e9m de declarar condi\u00e7\u00e3o de baixa renda no ato da inscri\u00e7\u00e3o. A lista das candidatas selecionadas ser\u00e1 divulgada no site do SENAI Pernambuco (https:\/\/www.pe.senai.br\/editais\/) at\u00e9 24 horas antes do in\u00edcio das aulas.<\/p>\n<p>As primeiras turmas come\u00e7am no dia 16 de mar\u00e7o com o curso de Fabrica\u00e7\u00e3o de Bolos e Tortas, que ter\u00e1 duas turmas com 25 vagas cada. No turno da manh\u00e3, as aulas ser\u00e3o realizadas no Centro de Qualifica\u00e7\u00e3o Profissional (CQP) Rosan\u00f3polis, localizado na Rua Aureliano de G\u00f3is, n\u00ba 110, no bairro Rosan\u00f3polis. J\u00e1 no per\u00edodo da tarde, as aulas acontecem no CQP do bairro Salgado, na Rua M\u00e1rio Pederneira, n\u00ba 649.<\/p>\n<p>No dia 23 de mar\u00e7o t\u00eam in\u00edcio as turmas de Fabrica\u00e7\u00e3o de Doces e Geleias, tamb\u00e9m com 25 vagas cada. Pela manh\u00e3, as aulas acontecem no Centro de Conviv\u00eancia e Fortalecimento de V\u00ednculos (CVV) do bairro Fernando Lyra, na Rua Heleno Ant\u00f4nio da Silva, s\/n. No turno da tarde, a forma\u00e7\u00e3o ser\u00e1 realizada na Cozinha Comunit\u00e1ria do Loteamento Novo Mundo, localizada na Rua da Bondade, n\u00ba 36. Na mesma data come\u00e7am tamb\u00e9m os cursos que ser\u00e3o ofertados na sede do SENAI Caruaru, situada na Rua Jo\u00e3o Gomes de Pontes, n\u00ba 166, no bairro Kennedy.<\/p>\n<p>Entre eles est\u00e1 o curso de T\u00e9cnicas de Manuten\u00e7\u00e3o El\u00e9trica Predial e Industrial, que ser\u00e1 realizado no turno da tarde e \u00e9 destinado a mulheres com idade m\u00ednima de 18 anos, disponibilizando 25 vagas. J\u00e1 o curso de forma\u00e7\u00e3o para Opera\u00e7\u00e3o com Empilhadeira acontece no per\u00edodo da noite, tamb\u00e9m para maiores de 18 anos, com oferta de 18 vagas.<\/p>\n<p>As turmas de No\u00e7\u00f5es de Costura Industrial contam com 25 vagas cada e ser\u00e3o realizadas no turno da manh\u00e3 e no turno da tarde. A turma da tarde ser\u00e1 exclusiva para mulheres com mais de 50 anos, iniciativa que busca ampliar as oportunidades de qualifica\u00e7\u00e3o e inser\u00e7\u00e3o produtiva para esse p\u00fablico.<\/p>\n<p>A programa\u00e7\u00e3o segue no dia 30 de mar\u00e7o com o in\u00edcio da turma de atualiza\u00e7\u00e3o em Opera\u00e7\u00e3o com Empilhadeira, no turno da noite, com 17 vagas dispon\u00edveis. Na mesma data tamb\u00e9m come\u00e7am as turmas de Modelagem B\u00e1sica Industrial, com 25 vagas cada, oferecidas nos turnos da manh\u00e3 e da tarde.<\/p>\n<p>\u201cNo M\u00eas da Mulher, essa iniciativa se soma a outras a\u00e7\u00f5es do SENAI voltadas \u00e0 promo\u00e7\u00e3o da qualifica\u00e7\u00e3o profissional e ao fortalecimento da presen\u00e7a feminina em diferentes \u00e1reas de atua\u00e7\u00e3o no mercado de trabalho. \u00c9 uma oportunidade importante para as mulheres de Caruaru ampliarem seus conhecimentos e conquistarem novas oportunidades profissionais\u201d, finaliza o gestor da unidade, Daniel Fagundes.<\/p>\n<p>As inscri\u00e7\u00f5es para todos os cursos devem ser realizadas de forma on-line, por meio dos links abaixo:<\/p>\n<p>Fabrica\u00e7\u00e3o de Bolos e Tortas (20h)<br \/>\nManh\u00e3 \u2013 CQP Rosan\u00f3polis<br \/>\nhttps:\/\/sge.pe.senai.br\/framehtml\/web\/app\/Edu\/PortalProcessoSeletivo\/?c=3&#038;ps=953&#038;ai=7408&#038;turma=APP.2727.007#\/es\/inscricoeswizard\/dados-basicos<\/p>\n<p>Tarde \u2013 CQP Salgado<br \/>\nhttps:\/\/sge.pe.senai.br\/framehtml\/web\/app\/Edu\/PortalProcessoSeletivo\/?c=3&#038;ps=953&#038;ai=7409&#038;turma=APP.2727.008#\/es\/inscricoeswizard\/dados-basicos<\/p>\n<p>Fabrica\u00e7\u00e3o de Doces e Geleias (20h)<br \/>\nManh\u00e3 \u2013 CVV Fernando Lyra<br \/>\nhttps:\/\/sge.pe.senai.br\/framehtml\/web\/app\/Edu\/PortalProcessoSeletivo\/?c=3&#038;ps=953&#038;ai=7400&#038;turma=APP.1281.038#\/es\/inscricoeswizard\/dados-basicos<\/p>\n<p>Tarde \u2013 Comunit\u00e1ria do Loteamento Novo Mundo<br \/>\nhttps:\/\/sge.pe.senai.br\/framehtml\/web\/app\/Edu\/PortalProcessoSeletivo\/?c=3&#038;ps=953&#038;ai=7401&#038;turma=APP.1281.039#\/es\/inscricoeswizard\/dados-basicos<\/p>\n<p>T\u00e9cnicas de Manuten\u00e7\u00e3o El\u00e9trica Predial e Industrial (40h)<br \/>\nhttps:\/\/sge.pe.senai.br\/framehtml\/web\/app\/Edu\/PortalProcessoSeletivo\/?c=3&#038;ps=953&#038;ai=7410&#038;turma=APP.3434.001#\/es\/inscricoeswizard\/dados-basicos<\/p>\n<p>Opera\u00e7\u00e3o com Empilhadeira (20h)<br \/>\nhttps:\/\/sge.pe.senai.br\/framehtml\/web\/app\/Edu\/PortalProcessoSeletivo\/?c=3&#038;ps=953&#038;ai=7407&#038;turma=APP.1831.863#\/es\/inscricoeswizard\/dados-basicos<\/p>\n<p>No\u00e7\u00f5es de Costura Industrial (20h)<br \/>\nManh\u00e3<br \/>\nhttps:\/\/sge.pe.senai.br\/framehtml\/web\/app\/Edu\/PortalProcessoSeletivo\/?c=3&#038;ps=953&#038;ai=7404&#038;turma=APP.2265.026#\/es\/inscricoeswizard\/dados-basicos<\/p>\n<p>Tarde \u2013 turma exclusiva para mulheres 50+<br \/>\nhttps:\/\/sge.pe.senai.br\/framehtml\/web\/app\/Edu\/PortalProcessoSeletivo\/?c=3&#038;ps=953&#038;ai=7405&#038;turma=APP.2265.027#\/es\/inscricoeswizard\/dados-basicos<\/p>\n<p>Atualiza\u00e7\u00e3o em Opera\u00e7\u00e3o com Empilhadeira (8h)<br \/>\nhttps:\/\/sge.pe.senai.br\/framehtml\/web\/app\/Edu\/PortalProcessoSeletivo\/?c=3&#038;ps=953&#038;ai=7406&#038;turma=APP.1832.639#\/es\/inscricoeswizard\/dados-basicos<\/p>\n<p>Modelagem B\u00e1sica Industrial (40h)<br \/>\nManh\u00e3<br \/>\nhttps:\/\/sge.pe.senai.br\/framehtml\/web\/app\/Edu\/PortalProcessoSeletivo\/?c=3&#038;ps=953&#038;ai=7402&#038;turma=APP.3345.005#\/es\/inscricoeswizard\/dados-basicos<\/p>\n<p>Tarde<br \/>\nhttps:\/\/sge.pe.senai.br\/framehtml\/web\/app\/Edu\/PortalProcessoSeletivo\/?c=3&#038;ps=953&#038;ai=7403&#038;turma=APP.3345.006#\/es\/inscricoeswizard\/dados-basicos<br \/>\nSiga o Instagram @portaledvaldomagalhaes<br \/>\nFoto: Divulga\u00e7\u00e3o <\/p>\n","protected":false},"excerpt":{"rendered":"<p>M\u00eas da Mulher: SENAI Caruaru oferece 260 bolsas gratuitas para cursos exclusivos _Capacita\u00e7\u00f5es em fabrica\u00e7\u00e3o de bolos e tortas, opera\u00e7\u00e3o&hellip;<\/p>\n","protected":false},"author":1,"featured_media":127528,"comment_status":"closed","ping_status":"open","sticky":false,"template":"","format":"standard","meta":{"footnotes":""},"categories":[14120],"tags":[13146,36071,34634],"class_list":["post-127527","post","type-post","status-publish","format-standard","has-post-thumbnail","hentry","category-noticias","tag-blog-edvaldo-magalhaes","tag-mes-da-mulher-senai-caruaru-oferece-260-bolsas-gratuitas-para-cursos-exclusivos","tag-portal-edvaldo-magalhaes"],"_links":{"self":[{"href":"https:\/\/blogdoedvaldomagalhaes.com.br\/index.php\/wp-json\/wp\/v2\/posts\/127527","targetHints":{"allow":["GET"]}}],"collection":[{"href":"https:\/\/blogdoedvaldomagalhaes.com.br\/index.php\/wp-json\/wp\/v2\/posts"}],"about":[{"href":"https:\/\/blogdoedvaldomagalhaes.com.br\/index.php\/wp-json\/wp\/v2\/types\/post"}],"author":[{"embeddable":true,"href":"https:\/\/blogdoedvaldomagalhaes.com.br\/index.php\/wp-json\/wp\/v2\/users\/1"}],"replies":[{"embeddable":true,"href":"https:\/\/blogdoedvaldomagalhaes.com.br\/index.php\/wp-json\/wp\/v2\/comments?post=127527"}],"version-history":[{"count":1,"href":"https:\/\/blogdoedvaldomagalhaes.com.br\/index.php\/wp-json\/wp\/v2\/posts\/127527\/revisions"}],"predecessor-version":[{"id":127529,"href":"https:\/\/blogdoedvaldomagalhaes.com.br\/index.php\/wp-json\/wp\/v2\/posts\/127527\/revisions\/127529"}],"wp:featuredmedia":[{"embeddable":true,"href":"https:\/\/blogdoedvaldomagalhaes.com.br\/index.php\/wp-json\/wp\/v2\/media\/127528"}],"wp:attachment":[{"href":"https:\/\/blogdoedvaldomagalhaes.com.br\/index.php\/wp-json\/wp\/v2\/media?parent=127527"}],"wp:term":[{"taxonomy":"category","embeddable":true,"href":"https:\/\/blogdoedvaldomagalhaes.com.br\/index.php\/wp-json\/wp\/v2\/categories?post=127527"},{"taxonomy":"post_tag","embeddable":true,"href":"https:\/\/blogdoedvaldomagalhaes.com.br\/index.php\/wp-json\/wp\/v2\/tags?post=127527"}],"curies":[{"name":"wp","href":"https:\/\/api.w.org\/{rel}","templated":true}]}}