{"id":127523,"date":"2026-03-09T17:45:49","date_gmt":"2026-03-09T20:45:49","guid":{"rendered":"https:\/\/blogdoedvaldomagalhaes.com.br\/?p=127523"},"modified":"2026-03-09T17:49:06","modified_gmt":"2026-03-09T20:49:06","slug":"jorge-quintino-homenageia-advogados-previdenciarios-na-camara-de-caruaru-nesta-terca-feira-10","status":"publish","type":"post","link":"https:\/\/blogdoedvaldomagalhaes.com.br\/index.php\/2026\/03\/09\/jorge-quintino-homenageia-advogados-previdenciarios-na-camara-de-caruaru-nesta-terca-feira-10\/","title":{"rendered":"Jorge Quintino homenageia advogados previdenci\u00e1rios na C\u00e2mara de Caruaru nesta ter\u00e7a-feira (10)"},"content":{"rendered":"<p>Em alus\u00e3o ao Dia do Advogado Previdenci\u00e1rio, celebrado anualmente em 10 de mar\u00e7o, o vereador e professor Jorge Quintino (PODE) apresentou um requerimento na C\u00e2mara Municipal concedendo Voto de Aplausos e Congratula\u00e7\u00f5es a cerca de 20 advogados previdenci\u00e1rios de Caruaru que atuam na defesa dos direitos sociais da popula\u00e7\u00e3o.<\/p>\n<p>A homenagem ser\u00e1 realizada nesta ter\u00e7a-feira (10), a partir das 9h, no plen\u00e1rio da C\u00e2mara Municipal de Caruaru, reunindo profissionais que se destacam na atua\u00e7\u00e3o jur\u00eddica voltada \u00e0 garantia de benef\u00edcios e direitos previdenci\u00e1rios.<\/p>\n<p>A iniciativa tem como objetivo reconhecer o trabalho desenvolvido pelos advogados previdenci\u00e1rios, que atuam na orienta\u00e7\u00e3o e representa\u00e7\u00e3o de cidad\u00e3os em demandas relacionadas \u00e0 seguridade social, contribuindo para assegurar direitos fundamentais previstos na legisla\u00e7\u00e3o brasileira.<\/p>\n<p>Para o vereador Jorge Quintino, a homenagem tamb\u00e9m simboliza o reconhecimento institucional da import\u00e2ncia da advocacia previdenci\u00e1ria para a sociedade.<\/p>\n<p>_\u201dO advogado previdenci\u00e1rio exerce um papel fundamental na defesa dos direitos dos trabalhadores, aposentados e pessoas em situa\u00e7\u00e3o de vulnerabilidade. Essa homenagem \u00e9 uma forma de reconhecer a import\u00e2ncia dessa atua\u00e7\u00e3o na promo\u00e7\u00e3o da justi\u00e7a social e na garantia de direitos fundamentais\u201d,_ destacou.<\/p>\n<p>Segundo o parlamentar, o reconhecimento busca valorizar a atua\u00e7\u00e3o desses profissionais, que desempenham papel essencial no acesso da popula\u00e7\u00e3o \u00e0 justi\u00e7a e na efetiva\u00e7\u00e3o de direitos previdenci\u00e1rios.<br \/>\nSiga o Instagram @portaledvaldomagalhaes<br \/>\nFoto: Vict\u00f3ria Oliveira <\/p>\n","protected":false},"excerpt":{"rendered":"<p>Em alus\u00e3o ao Dia do Advogado Previdenci\u00e1rio, celebrado anualmente em 10 de mar\u00e7o, o vereador e professor Jorge Quintino (PODE)&hellip;<\/p>\n","protected":false},"author":1,"featured_media":127526,"comment_status":"closed","ping_status":"open","sticky":false,"template":"","format":"standard","meta":{"footnotes":""},"categories":[14122],"tags":[13146,36070,20,34634],"class_list":["post-127523","post","type-post","status-publish","format-standard","has-post-thumbnail","hentry","category-politica","tag-blog-edvaldo-magalhaes","tag-jorge-quintino-homenageia-advogados-previdenciarios-na-camara-de-caruaru-nesta-terca-feira-10","tag-politica","tag-portal-edvaldo-magalhaes"],"_links":{"self":[{"href":"https:\/\/blogdoedvaldomagalhaes.com.br\/index.php\/wp-json\/wp\/v2\/posts\/127523","targetHints":{"allow":["GET"]}}],"collection":[{"href":"https:\/\/blogdoedvaldomagalhaes.com.br\/index.php\/wp-json\/wp\/v2\/posts"}],"about":[{"href":"https:\/\/blogdoedvaldomagalhaes.com.br\/index.php\/wp-json\/wp\/v2\/types\/post"}],"author":[{"embeddable":true,"href":"https:\/\/blogdoedvaldomagalhaes.com.br\/index.php\/wp-json\/wp\/v2\/users\/1"}],"replies":[{"embeddable":true,"href":"https:\/\/blogdoedvaldomagalhaes.com.br\/index.php\/wp-json\/wp\/v2\/comments?post=127523"}],"version-history":[{"count":1,"href":"https:\/\/blogdoedvaldomagalhaes.com.br\/index.php\/wp-json\/wp\/v2\/posts\/127523\/revisions"}],"predecessor-version":[{"id":127525,"href":"https:\/\/blogdoedvaldomagalhaes.com.br\/index.php\/wp-json\/wp\/v2\/posts\/127523\/revisions\/127525"}],"wp:featuredmedia":[{"embeddable":true,"href":"https:\/\/blogdoedvaldomagalhaes.com.br\/index.php\/wp-json\/wp\/v2\/media\/127526"}],"wp:attachment":[{"href":"https:\/\/blogdoedvaldomagalhaes.com.br\/index.php\/wp-json\/wp\/v2\/media?parent=127523"}],"wp:term":[{"taxonomy":"category","embeddable":true,"href":"https:\/\/blogdoedvaldomagalhaes.com.br\/index.php\/wp-json\/wp\/v2\/categories?post=127523"},{"taxonomy":"post_tag","embeddable":true,"href":"https:\/\/blogdoedvaldomagalhaes.com.br\/index.php\/wp-json\/wp\/v2\/tags?post=127523"}],"curies":[{"name":"wp","href":"https:\/\/api.w.org\/{rel}","templated":true}]}}