{"id":127517,"date":"2026-03-09T17:33:04","date_gmt":"2026-03-09T20:33:04","guid":{"rendered":"https:\/\/blogdoedvaldomagalhaes.com.br\/?p=127517"},"modified":"2026-03-09T20:03:23","modified_gmt":"2026-03-09T23:03:23","slug":"governadora-raquel-lyra-celebra-chegada-de-r-241-milhoes-em-equipamentos-para-terminal-100-eletrificado-em-suape","status":"publish","type":"post","link":"https:\/\/blogdoedvaldomagalhaes.com.br\/index.php\/2026\/03\/09\/governadora-raquel-lyra-celebra-chegada-de-r-241-milhoes-em-equipamentos-para-terminal-100-eletrificado-em-suape\/","title":{"rendered":"Governadora Raquel Lyra celebra chegada de R$ 241 milh\u00f5es em equipamentos para terminal 100% eletrificado em Suape"},"content":{"rendered":"A governadora Raquel Lyra acompanhou, nesta segunda-feira (9), a entrega de 28 equipamentos ao APM Terminals, no Complexo Industrial Portu\u00e1rio de Suape. Com investimentos de R$ 241 milh\u00f5es e gera\u00e7\u00e3o de 2.500 empregos indiretos, o conjunto marca uma nova etapa na implanta\u00e7\u00e3o do primeiro terminal portu\u00e1rio 100% eletrificado da regi\u00e3o e acelera o in\u00edcio das opera\u00e7\u00f5es t\u00e9cnicas do empreendimento. Este \u00e9 um dos resultados da articula\u00e7\u00e3o do Governo de Pernambuco, que vem buscando investimentos e neg\u00f3cios voltados para a energia verde no Estado. A agenda contou com a participa\u00e7\u00e3o do ministro de Portos e Aeroportos, Silvio Costa Filho, e da vice-governadora Priscila Krause.\n\u201cHoje \u00e9 dia de celebra\u00e7\u00e3o. Quando fomos \u00e0 Dinamarca visitar a Maersk, firmamos o compromisso de fazer a entrega em maio deste ano, mas precisavam chegar os equipamentos. E chegaram, s\u00e3o os maiores guindastes instalados no Brasil, que acabam de chegar da China e j\u00e1 posicionam Pernambuco como um grande destino de investimentos log\u00edsticos para o mundo. O alto investimento e rapidez na log\u00edstica j\u00e1 antecipam o que s\u00f3 aconteceria nos pr\u00f3ximos sete anos. Em maio estaremos aqui novamente, para a entrega de uma etapa \u00fatil e, depois, a entrega definitiva em agosto\u201d, discursou a governadora Raquel.\nOs equipamentos que chegaram ao terminal incluem dois guindastes STS (Ship-to-Shore), respons\u00e1veis pelo carregamento e descarregamento de cont\u00eaineres entre navios e o cais, um dos equipamentos centrais da opera\u00e7\u00e3o portu\u00e1ria moderna, al\u00e9m de sete guindastes RTG, usados para organizar e empilhar cont\u00eaineres no p\u00e1tio com alta produtividade.\nO ministro de Portos e Aeroportos, Silvio Costa Filho, destacou a import\u00e2ncia estrat\u00e9gica do complexo para inserir o Estado no cen\u00e1rio internacional das opera\u00e7\u00f5es portu\u00e1rias. \u201cEstamos aumentando ainda mais a competitividade do Porto de Suape, e com esse empreendimento, Pernambuco vai entrar na rota internacional das opera\u00e7\u00f5es&#8221;, disse o ministro.\nTamb\u00e9m fazem parte do conjunto de entregas duas Reach Stackers, utilizadas para movimenta\u00e7\u00e3o e empilhamento de cont\u00eaineres no terminal, uma empilhadeira para 16 toneladas, duas empilhadeiras para cont\u00eaineres vazios e 14 Terminal Tractors, que transportam as cargas dentro da \u00e1rea portu\u00e1ria. Os equipamentos contam com tecnologia de \u00faltima gera\u00e7\u00e3o e opera\u00e7\u00e3o por controle remoto, a partir de salas de comando, aumentando a seguran\u00e7a, a precis\u00e3o das opera\u00e7\u00f5es e a acessibilidade para operadores.\nPara o diretor-presidente de Suape, Armando Monteiro Bisneto, a entrega marca mais uma etapa do desenvolvimento do Porto. \u201cCoincide tamb\u00e9m com o momento de transforma\u00e7\u00e3o do Complexo e do nosso Estado. Seguimos consolidando Suape como um dos protagonistas da transi\u00e7\u00e3o energ\u00e9tica no Brasil\u201d, pontuou.<\/p>\n<p>Em outubro de 2025, a governadora Raquel Lyra esteve na Dinamarca na sede da European Energy, refer\u00eancia mundial em solu\u00e7\u00f5es de hidrog\u00eanio verde e combust\u00edveis sustent\u00e1veis. Com esses equipamentos, a multinacional j\u00e1 soma R$ 2 bilh\u00f5es na implanta\u00e7\u00e3o da f\u00e1brica de e-metanol, colocando Pernambuco em destaque na cadeia do hidrog\u00eanio verde e combust\u00edveis do futuro. Isso demonstra que Suape se destaca pela oferta de energia limpa e pela capacidade t\u00e9cnica e industrial.\n\u201c\u00c9 fundamental que os empres\u00e1rios saibam que o governo honra seus compromissos financeiros, garantindo um ambiente de neg\u00f3cios mais seguro e favor\u00e1vel. Esse cen\u00e1rio mudou muito nos \u00faltimos anos, e \u00e9 motivo de orgulho ver essa transforma\u00e7\u00e3o acontecer\u201d, enfatizou o secret\u00e1rio de Desenvolvimento Econ\u00f4mico, Guilherme Cavalcanti.\nVoltado \u00e0 movimenta\u00e7\u00e3o de cont\u00eaineres e carga geral, o empreendimento deve entrar em opera\u00e7\u00e3o no segundo semestre deste ano, com capacidade inicial para movimentar cerca de 400 mil TEUs (unidade de transporte mar\u00edtimo) por ano, volume que pode ampliar significativamente a capacidade log\u00edstica do Porto.\nO diretor-presidente da APM Terminals Suape e Pec\u00e9m, Daniel Rose, destacou o papel do empreendimento em Suape. \u201cEstamos cada vez mais pr\u00f3ximos de concretizar um projeto que redefine o papel de Pernambuco e do Brasil na log\u00edstica portu\u00e1ria internacional. Esta iniciativa produz uma nova forma de pensar o futuro: operar com efici\u00eancia, respeitar o meio ambiente e ampliar a acessibilidade, garantindo que o progresso seja inclusivo e sustent\u00e1vel\u201d, afirmou.\nRepresentando o Poder Legislativo, o deputado estadual Romero Sales Filho comemorou o avan\u00e7o do empreendimento. &#8220;Estamos enxergando Pernambuco em um tempo de progresso e prosperidade. V\u00e1rias pessoas foram empregadas nesse lugar, pela uni\u00e3o dos esfor\u00e7os, por aqueles que t\u00eam uma vis\u00e3o de Estado e vis\u00e3o de pol\u00edtica diferenciada&#8221;, complementou o parlamentar.\nSiga o Instagram @portaledvaldomagalhaes\nFotos: Yacy Ribeiro\/Secom\n\n\n<p><\/p>\n","protected":false},"excerpt":{"rendered":"<p>A governadora Raquel Lyra acompanhou, nesta segunda-feira (9), a entrega de 28 equipamentos ao APM Terminals, no Complexo Industrial Portu\u00e1rio&hellip;<\/p>\n","protected":false},"author":1,"featured_media":127521,"comment_status":"closed","ping_status":"open","sticky":false,"template":"","format":"standard","meta":{"footnotes":""},"categories":[14122],"tags":[13146,36069,34634],"class_list":["post-127517","post","type-post","status-publish","format-standard","has-post-thumbnail","hentry","category-politica","tag-blog-edvaldo-magalhaes","tag-governadora-raquel-lyra-celebra-chegada-de-r-241-milhoes-em-equipamentos-para-terminal-100-eletrificado-em-suape","tag-portal-edvaldo-magalhaes"],"_links":{"self":[{"href":"https:\/\/blogdoedvaldomagalhaes.com.br\/index.php\/wp-json\/wp\/v2\/posts\/127517","targetHints":{"allow":["GET"]}}],"collection":[{"href":"https:\/\/blogdoedvaldomagalhaes.com.br\/index.php\/wp-json\/wp\/v2\/posts"}],"about":[{"href":"https:\/\/blogdoedvaldomagalhaes.com.br\/index.php\/wp-json\/wp\/v2\/types\/post"}],"author":[{"embeddable":true,"href":"https:\/\/blogdoedvaldomagalhaes.com.br\/index.php\/wp-json\/wp\/v2\/users\/1"}],"replies":[{"embeddable":true,"href":"https:\/\/blogdoedvaldomagalhaes.com.br\/index.php\/wp-json\/wp\/v2\/comments?post=127517"}],"version-history":[{"count":2,"href":"https:\/\/blogdoedvaldomagalhaes.com.br\/index.php\/wp-json\/wp\/v2\/posts\/127517\/revisions"}],"predecessor-version":[{"id":127522,"href":"https:\/\/blogdoedvaldomagalhaes.com.br\/index.php\/wp-json\/wp\/v2\/posts\/127517\/revisions\/127522"}],"wp:featuredmedia":[{"embeddable":true,"href":"https:\/\/blogdoedvaldomagalhaes.com.br\/index.php\/wp-json\/wp\/v2\/media\/127521"}],"wp:attachment":[{"href":"https:\/\/blogdoedvaldomagalhaes.com.br\/index.php\/wp-json\/wp\/v2\/media?parent=127517"}],"wp:term":[{"taxonomy":"category","embeddable":true,"href":"https:\/\/blogdoedvaldomagalhaes.com.br\/index.php\/wp-json\/wp\/v2\/categories?post=127517"},{"taxonomy":"post_tag","embeddable":true,"href":"https:\/\/blogdoedvaldomagalhaes.com.br\/index.php\/wp-json\/wp\/v2\/tags?post=127517"}],"curies":[{"name":"wp","href":"https:\/\/api.w.org\/{rel}","templated":true}]}}