{"id":127515,"date":"2026-03-09T10:07:15","date_gmt":"2026-03-09T13:07:15","guid":{"rendered":"https:\/\/blogdoedvaldomagalhaes.com.br\/?p=127515"},"modified":"2026-03-09T10:07:15","modified_gmt":"2026-03-09T13:07:15","slug":"compesa-suspende-temporariamente-abastecimento-de-agua-em-alguns-municipios","status":"publish","type":"post","link":"https:\/\/blogdoedvaldomagalhaes.com.br\/index.php\/2026\/03\/09\/compesa-suspende-temporariamente-abastecimento-de-agua-em-alguns-municipios\/","title":{"rendered":"Compesa suspende temporariamente abastecimento de \u00e1gua em alguns munic\u00edpios"},"content":{"rendered":"<p>Como parte do avan\u00e7o em novos trechos da Adutora do Agreste que est\u00e3o em fase final de testes e na seguran\u00e7a do abastecimento aos munic\u00edpios j\u00e1 atendidos pelo sistema, a Compesa realizar\u00e1 uma paralisa\u00e7\u00e3o programada na adutora a partir das 7h da pr\u00f3xima segunda-feira (9), com dura\u00e7\u00e3o prevista de 48 horas. A interven\u00e7\u00e3o possibilitar\u00e1 a amplia\u00e7\u00e3o da Adutora do Agreste para abastecimento de novos munic\u00edpios, como S\u00e3o Bento do Una e Gravat\u00e1. Al\u00e9m disso, permitir\u00e1 que o sistema trabalhe com maior vaz\u00e3o, garantindo a confian\u00e7a da opera\u00e7\u00e3o a partir da execu\u00e7\u00e3o de uma s\u00e9rie de a\u00e7\u00f5es de melhoria operacional. Com a iniciativa, a adutora passar\u00e1 a operar com vaz\u00e3o de 1.500 litros por segundo.<\/p>\n<p>Para realizar os servi\u00e7os, ser\u00e1 necess\u00e1rio suspender, temporariamente, o abastecimento para os munic\u00edpios de Alagoinha, Pesqueira, Sanhar\u00f3, Serra dos Ventos (distrito de Belo Jardim), Brejo da Madre de Deus (localidades de Barra do Farias e Fazenda Nova) e Riacho das Almas. J\u00e1 as cidades de S\u00e3o Caetano, Caruaru, Bezerros, Toritama e Gravat\u00e1 ter\u00e3o o fornecimento de \u00e1gua afetado parcialmente. Ap\u00f3s a conclus\u00e3o dos servi\u00e7os, o abastecimento ser\u00e1 retomado de forma gradativa, a partir das 7h da quarta-feira (11), conforme o processo de pressuriza\u00e7\u00e3o e estabiliza\u00e7\u00e3o da rede.<br \/>\nSiga o Instagram @portaledvaldomagalhaes<br \/>\nFoto: Reprodu\u00e7\u00e3o <\/p>\n","protected":false},"excerpt":{"rendered":"<p>Como parte do avan\u00e7o em novos trechos da Adutora do Agreste que est\u00e3o em fase final de testes e na&hellip;<\/p>\n","protected":false},"author":1,"featured_media":16989,"comment_status":"closed","ping_status":"open","sticky":false,"template":"","format":"standard","meta":{"footnotes":""},"categories":[14120],"tags":[13146,36068,34634],"class_list":["post-127515","post","type-post","status-publish","format-standard","has-post-thumbnail","hentry","category-noticias","tag-blog-edvaldo-magalhaes","tag-compesa-suspende-temporariamente-abastecimento-de-agua-em-alguns-municipios","tag-portal-edvaldo-magalhaes"],"_links":{"self":[{"href":"https:\/\/blogdoedvaldomagalhaes.com.br\/index.php\/wp-json\/wp\/v2\/posts\/127515","targetHints":{"allow":["GET"]}}],"collection":[{"href":"https:\/\/blogdoedvaldomagalhaes.com.br\/index.php\/wp-json\/wp\/v2\/posts"}],"about":[{"href":"https:\/\/blogdoedvaldomagalhaes.com.br\/index.php\/wp-json\/wp\/v2\/types\/post"}],"author":[{"embeddable":true,"href":"https:\/\/blogdoedvaldomagalhaes.com.br\/index.php\/wp-json\/wp\/v2\/users\/1"}],"replies":[{"embeddable":true,"href":"https:\/\/blogdoedvaldomagalhaes.com.br\/index.php\/wp-json\/wp\/v2\/comments?post=127515"}],"version-history":[{"count":1,"href":"https:\/\/blogdoedvaldomagalhaes.com.br\/index.php\/wp-json\/wp\/v2\/posts\/127515\/revisions"}],"predecessor-version":[{"id":127516,"href":"https:\/\/blogdoedvaldomagalhaes.com.br\/index.php\/wp-json\/wp\/v2\/posts\/127515\/revisions\/127516"}],"wp:featuredmedia":[{"embeddable":true,"href":"https:\/\/blogdoedvaldomagalhaes.com.br\/index.php\/wp-json\/wp\/v2\/media\/16989"}],"wp:attachment":[{"href":"https:\/\/blogdoedvaldomagalhaes.com.br\/index.php\/wp-json\/wp\/v2\/media?parent=127515"}],"wp:term":[{"taxonomy":"category","embeddable":true,"href":"https:\/\/blogdoedvaldomagalhaes.com.br\/index.php\/wp-json\/wp\/v2\/categories?post=127515"},{"taxonomy":"post_tag","embeddable":true,"href":"https:\/\/blogdoedvaldomagalhaes.com.br\/index.php\/wp-json\/wp\/v2\/tags?post=127515"}],"curies":[{"name":"wp","href":"https:\/\/api.w.org\/{rel}","templated":true}]}}