{"id":127511,"date":"2026-03-09T08:54:15","date_gmt":"2026-03-09T11:54:15","guid":{"rendered":"https:\/\/blogdoedvaldomagalhaes.com.br\/?p=127511"},"modified":"2026-03-09T08:54:15","modified_gmt":"2026-03-09T11:54:15","slug":"crianca-de-3-anos-e-resgatada-de-helicoptero-em-caruaru","status":"publish","type":"post","link":"https:\/\/blogdoedvaldomagalhaes.com.br\/index.php\/2026\/03\/09\/crianca-de-3-anos-e-resgatada-de-helicoptero-em-caruaru\/","title":{"rendered":"Crian\u00e7a de 3 anos \u00e9 resgatada de helic\u00f3ptero em Caruaru"},"content":{"rendered":"<p>Um menino de 3 anos de idade que apresentou um quadro grave de convuls\u00e3o foi transportado de helic\u00f3ptero, na tarde deste domingo (8), pela Pol\u00edcia Rodovi\u00e1ria Federal (PRF) e SAMU Metropolitano Recife. A crian\u00e7a estava internada na Unidade de Pronto Atendimento (UPA) do bairro Salgado, em Caruaru, e foi transferida para receber atendimento especializado no Recife.<\/p>\n<p>Por volta das 12h20, a central de regula\u00e7\u00e3o do SAMU acionou a equipe aerom\u00e9dica ao receber a informa\u00e7\u00e3o de que uma crian\u00e7a apresentou uma crise convulsiva, ap\u00f3s tr\u00eas dias de sintomas gripais e febre alta. Ainda na unidade de sa\u00fade, o menino foi intubado devido a um quadro de insufici\u00eancia respirat\u00f3ria.<\/p>\n<p>Ap\u00f3s ser estabilizada, a crian\u00e7a foi embarcada no helic\u00f3ptero e em 35 minutos chegou ao campo do Derby., na \u00e1rea central do Recife. Em seguida, seguiu na ambul\u00e2ncia do SAMU at\u00e9 o Hospital da Restaura\u00e7\u00e3o.<br \/>\nSiga o Instagram @portaledvaldomagalhaes<br \/>\nFoto: Divulga\u00e7\u00e3oPRF<\/p>\n","protected":false},"excerpt":{"rendered":"<p>Um menino de 3 anos de idade que apresentou um quadro grave de convuls\u00e3o foi transportado de helic\u00f3ptero, na tarde&hellip;<\/p>\n","protected":false},"author":1,"featured_media":127512,"comment_status":"closed","ping_status":"open","sticky":false,"template":"","format":"standard","meta":{"footnotes":""},"categories":[14120],"tags":[13146,36067,34634],"class_list":["post-127511","post","type-post","status-publish","format-standard","has-post-thumbnail","hentry","category-noticias","tag-blog-edvaldo-magalhaes","tag-crianca-de-3-anos-e-resgatada-de-helicoptero-em-caruaru","tag-portal-edvaldo-magalhaes"],"_links":{"self":[{"href":"https:\/\/blogdoedvaldomagalhaes.com.br\/index.php\/wp-json\/wp\/v2\/posts\/127511","targetHints":{"allow":["GET"]}}],"collection":[{"href":"https:\/\/blogdoedvaldomagalhaes.com.br\/index.php\/wp-json\/wp\/v2\/posts"}],"about":[{"href":"https:\/\/blogdoedvaldomagalhaes.com.br\/index.php\/wp-json\/wp\/v2\/types\/post"}],"author":[{"embeddable":true,"href":"https:\/\/blogdoedvaldomagalhaes.com.br\/index.php\/wp-json\/wp\/v2\/users\/1"}],"replies":[{"embeddable":true,"href":"https:\/\/blogdoedvaldomagalhaes.com.br\/index.php\/wp-json\/wp\/v2\/comments?post=127511"}],"version-history":[{"count":1,"href":"https:\/\/blogdoedvaldomagalhaes.com.br\/index.php\/wp-json\/wp\/v2\/posts\/127511\/revisions"}],"predecessor-version":[{"id":127513,"href":"https:\/\/blogdoedvaldomagalhaes.com.br\/index.php\/wp-json\/wp\/v2\/posts\/127511\/revisions\/127513"}],"wp:featuredmedia":[{"embeddable":true,"href":"https:\/\/blogdoedvaldomagalhaes.com.br\/index.php\/wp-json\/wp\/v2\/media\/127512"}],"wp:attachment":[{"href":"https:\/\/blogdoedvaldomagalhaes.com.br\/index.php\/wp-json\/wp\/v2\/media?parent=127511"}],"wp:term":[{"taxonomy":"category","embeddable":true,"href":"https:\/\/blogdoedvaldomagalhaes.com.br\/index.php\/wp-json\/wp\/v2\/categories?post=127511"},{"taxonomy":"post_tag","embeddable":true,"href":"https:\/\/blogdoedvaldomagalhaes.com.br\/index.php\/wp-json\/wp\/v2\/tags?post=127511"}],"curies":[{"name":"wp","href":"https:\/\/api.w.org\/{rel}","templated":true}]}}