{"id":127508,"date":"2026-03-08T20:30:11","date_gmt":"2026-03-08T23:30:11","guid":{"rendered":"https:\/\/blogdoedvaldomagalhaes.com.br\/?p=127508"},"modified":"2026-03-09T20:37:21","modified_gmt":"2026-03-09T23:37:21","slug":"pm-apreende-artefatos-pirotecnicos-durante-vistoria-no-estadio-dos-aflitos","status":"publish","type":"post","link":"https:\/\/blogdoedvaldomagalhaes.com.br\/index.php\/2026\/03\/08\/pm-apreende-artefatos-pirotecnicos-durante-vistoria-no-estadio-dos-aflitos\/","title":{"rendered":"PM apreende artefatos pirot\u00e9cnicos durante vistoria no Est\u00e1dio dos Aflitos"},"content":{"rendered":"<p>Durante vistoria pr\u00e9via realizada por equipes do Batalh\u00e3o de Choque, no Est\u00e1dio dos Aflitos, na manh\u00e3 deste domingo (8), foram encontrados artefatos pirot\u00e9cnicos escondidos no interior do est\u00e1dio.<\/p>\n<p>A a\u00e7\u00e3o ocorreu durante a inspe\u00e7\u00e3o de seguran\u00e7a realizada antes do evento esportivo. Na ocasi\u00e3o, os policiais localizaram sinalizadores escondidos embaixo de uma das cadeiras do setor social, nas proximidades da arquibancada onde costuma se concentrar a torcida organizada do N\u00e1utico.<\/p>\n<p>O material foi apreendido pela Pol\u00edcia Militar e o fato foi registrado em relat\u00f3rio que ser\u00e1 encaminhado ao Minist\u00e9rio P\u00fablico de Pernambuco para as provid\u00eancias cab\u00edveis.<br \/>\nSiga o Instagram @portaledvaldomagalhaes<br \/>\nFoto: Divulga\u00e7\u00e3o\/PMPE <\/p>\n","protected":false},"excerpt":{"rendered":"<p>Durante vistoria pr\u00e9via realizada por equipes do Batalh\u00e3o de Choque, no Est\u00e1dio dos Aflitos, na manh\u00e3 deste domingo (8), foram&hellip;<\/p>\n","protected":false},"author":1,"featured_media":127539,"comment_status":"closed","ping_status":"open","sticky":false,"template":"","format":"standard","meta":{"footnotes":""},"categories":[14121],"tags":[13146,36066,34634],"class_list":["post-127508","post","type-post","status-publish","format-standard","has-post-thumbnail","hentry","category-policial","tag-blog-edvaldo-magalhaes","tag-pm-apreende-artefatos-pirotecnicos-durante-vistoria-no-estadio-dos-aflitos","tag-portal-edvaldo-magalhaes"],"_links":{"self":[{"href":"https:\/\/blogdoedvaldomagalhaes.com.br\/index.php\/wp-json\/wp\/v2\/posts\/127508","targetHints":{"allow":["GET"]}}],"collection":[{"href":"https:\/\/blogdoedvaldomagalhaes.com.br\/index.php\/wp-json\/wp\/v2\/posts"}],"about":[{"href":"https:\/\/blogdoedvaldomagalhaes.com.br\/index.php\/wp-json\/wp\/v2\/types\/post"}],"author":[{"embeddable":true,"href":"https:\/\/blogdoedvaldomagalhaes.com.br\/index.php\/wp-json\/wp\/v2\/users\/1"}],"replies":[{"embeddable":true,"href":"https:\/\/blogdoedvaldomagalhaes.com.br\/index.php\/wp-json\/wp\/v2\/comments?post=127508"}],"version-history":[{"count":1,"href":"https:\/\/blogdoedvaldomagalhaes.com.br\/index.php\/wp-json\/wp\/v2\/posts\/127508\/revisions"}],"predecessor-version":[{"id":127509,"href":"https:\/\/blogdoedvaldomagalhaes.com.br\/index.php\/wp-json\/wp\/v2\/posts\/127508\/revisions\/127509"}],"wp:featuredmedia":[{"embeddable":true,"href":"https:\/\/blogdoedvaldomagalhaes.com.br\/index.php\/wp-json\/wp\/v2\/media\/127539"}],"wp:attachment":[{"href":"https:\/\/blogdoedvaldomagalhaes.com.br\/index.php\/wp-json\/wp\/v2\/media?parent=127508"}],"wp:term":[{"taxonomy":"category","embeddable":true,"href":"https:\/\/blogdoedvaldomagalhaes.com.br\/index.php\/wp-json\/wp\/v2\/categories?post=127508"},{"taxonomy":"post_tag","embeddable":true,"href":"https:\/\/blogdoedvaldomagalhaes.com.br\/index.php\/wp-json\/wp\/v2\/tags?post=127508"}],"curies":[{"name":"wp","href":"https:\/\/api.w.org\/{rel}","templated":true}]}}