{"id":1275,"date":"2018-09-19T01:40:00","date_gmt":"2018-09-19T04:40:00","guid":{"rendered":"http:\/\/blogdoedvaldomagalhaes.com.br\/index.php\/2018\/09\/19\/resultado-da-pesquisa-ibope-para\/"},"modified":"2019-02-09T02:31:26","modified_gmt":"2019-02-09T04:31:26","slug":"resultado-da-pesquisa-ibope-para","status":"publish","type":"post","link":"https:\/\/blogdoedvaldomagalhaes.com.br\/index.php\/2018\/09\/19\/resultado-da-pesquisa-ibope-para\/","title":{"rendered":"Resultado da pesquisa Ibope para presidente neste ter\u00e7a (18)"},"content":{"rendered":"<div class=\"separator\" style=\"clear: both; text-align: center;\">\n<a href=\"https:\/\/2.bp.blogspot.com\/-02dJK1PP8mQ\/W6Go5eyRnHI\/AAAAAAAA6KM\/t7kxhwN5xyw99PcBZwVDziT664YkO-l3ACLcBGAs\/s1600\/aqui.jpg\" imageanchor=\"1\" style=\"margin-left: 1em; margin-right: 1em;\"><img loading=\"lazy\" decoding=\"async\" border=\"0\" data-original-height=\"300\" data-original-width=\"615\" height=\"310\" src=\"http:\/\/blogdoedvaldomagalhaes.com.br\/wp-content\/uploads\/2018\/09\/aqui.jpg\" width=\"640\" \/><\/a><\/div>\n<div style=\"text-align: justify;\">\n<\/div>\n<div style=\"text-align: justify;\">\nO Ibope divulgou na noite desta ter\u00e7a (18) mais uma rodada de resultados da pesquisa para a corrida presidencial. A pesquisa ouviu cerca de 2500 pessoas e a margem de erro \u00e9 de dois pontos para mais ou para menos. Confira os n\u00fameros:<\/div>\n<div style=\"text-align: justify;\">\n<\/div>\n<div style=\"text-align: justify;\">\nJair Bolsonaro (PSL): 28%<\/div>\n<div style=\"text-align: justify;\">\nHaddad (PDT): 19%<\/div>\n<div style=\"text-align: justify;\">\nCiro Gomes (PDT): 11%<\/div>\n<div style=\"text-align: justify;\">\nMarina Silva (Rede): 6%<\/div>\n<div style=\"text-align: justify;\">\nGeraldo Alckmin (PSDB): 7%<\/div>\n<div style=\"text-align: justify;\">\nAlvaro Dias (Podemos): 2%<\/div>\n<div style=\"text-align: justify;\">\nJo\u00e3o Amo\u00eado (Novo): 2%<\/div>\n<div style=\"text-align: justify;\">\nHenrique Meirelles (MDB): 2%<\/div>\n<div style=\"text-align: justify;\">\nVera (PSTU): 1%<\/div>\n<div style=\"text-align: justify;\">\nCabo Daciolo (Patriota): 1%<\/div>\n<div style=\"text-align: justify;\">\nGuilherme Boulos (PSOL): 0%<\/div>\n<div style=\"text-align: justify;\">\nJo\u00e3o Goulart Filho (PPL): 0%<\/div>\n<div style=\"text-align: justify;\">\nEymael (DC): 0%<\/div>\n<div style=\"text-align: justify;\">\nBranco\/nulos: 14%<\/div>\n<div style=\"text-align: justify;\">\nN\u00e3o sabe\/n\u00e3o respondeu: 7%<\/p>\n<\/div>\n<div style=\"text-align: justify;\">\n<b>Levantamento da \u00faltima semana do Ibope (11\/09)<\/b><\/div>\n<div style=\"text-align: justify;\">\n<\/div>\n<div style=\"text-align: justify;\">\nJair Bolsonaro (PSL): 26%<\/div>\n<div style=\"text-align: justify;\">\nCiro Gomes (PDT): 11%<\/div>\n<div style=\"text-align: justify;\">\nMarina Silva (Rede): 9%<\/div>\n<div style=\"text-align: justify;\">\nGeraldo Alckmin (PSDB): 9%<\/div>\n<div style=\"text-align: justify;\">\nFernando Haddad (PT): 8%<\/div>\n<div style=\"text-align: justify;\">\nAlvaro Dias (Podemos): 3%<\/div>\n<div style=\"text-align: justify;\">\nJo\u00e3o Amo\u00eado (Novo): 3%<\/div>\n<div style=\"text-align: justify;\">\nHenrique Meirelles (MDB): 3%<\/div>\n<div style=\"text-align: justify;\">\nVera (PSTU): 1%<\/div>\n<div style=\"text-align: justify;\">\nCabo Daciolo (Patriota): 1%<\/div>\n<div style=\"text-align: justify;\">\nGuilherme Boulos (PSOL): 0%<\/div>\n<div style=\"text-align: justify;\">\nJo\u00e3o Goulart Filho (PPL): 0%<\/div>\n<div style=\"text-align: justify;\">\nEymael (DC): 0%<\/div>\n<div style=\"text-align: justify;\">\nBranco\/nulos: 19%<\/div>\n<div style=\"text-align: justify;\">\nN\u00e3o sabe\/n\u00e3o respondeu: 7%<\/p>\n<\/div>\n<div style=\"text-align: justify;\">\n<b>Simula\u00e7\u00f5es do segundo turno:<\/b><\/div>\n<div style=\"text-align: justify;\">\n<\/div>\n<div style=\"text-align: justify;\">\nCiro 40% x 39% Bolsonaro<\/div>\n<div style=\"text-align: justify;\">\n<\/div>\n<div style=\"text-align: justify;\">\nAlckmin 38% x 38% Bolsonaro<\/div>\n<div style=\"text-align: justify;\">\n<\/div>\n<div style=\"text-align: justify;\">\nBolsonaro 41% x 36% Marina<\/div>\n<div style=\"text-align: justify;\">\n<\/div>\n<div style=\"text-align: justify;\">\nHaddad 40% x 40% Bolsonaro<\/div>\n<div style=\"text-align: justify;\">\n<\/div>\n<div style=\"text-align: justify;\">\n<b>Rejei\u00e7\u00e3o<\/b><\/div>\n<div style=\"text-align: justify;\">\nO Ibope tamb\u00e9m levantou a taxa dos candidatos nos quais o eleitor diz que n\u00e3o votar\u00e1 de jeito nenhum, ou seja, a rejei\u00e7\u00e3o. Veja os n\u00fameros:<\/div>\n<div style=\"text-align: justify;\">\n<\/div>\n<div style=\"text-align: justify;\">\nBolsonaro: 42%<\/div>\n<div style=\"text-align: justify;\">\nMarina: 26%<\/div>\n<div style=\"text-align: justify;\">\nHaddad: 29%<\/div>\n<div style=\"text-align: justify;\">\nAlckmin: 20%<\/div>\n<div style=\"text-align: justify;\">\nCiro: 19%<\/div>\n<div style=\"text-align: justify;\">\nMeirelles: 12\u2019%<\/div>\n<div style=\"text-align: justify;\">\nCabo Daciolo: 11%<\/div>\n<div style=\"text-align: justify;\">\nEymael: 11%<\/div>\n<div style=\"text-align: justify;\">\nBoulos: 10%<\/div>\n<div style=\"text-align: justify;\">\nVera: 9%<\/div>\n<div style=\"text-align: justify;\">\nAmo\u00eado: 9%<\/div>\n<div style=\"text-align: justify;\">\nAlvaro Dias: 10%<\/div>\n<div style=\"text-align: justify;\">\nJo\u00e3o Goulart Filho: 8%<\/div>\n<div style=\"text-align: justify;\">\nPoderia votar em todos: 2%<\/div>\n<div style=\"text-align: justify;\">\nN\u00e3o sabe\/n\u00e3o respondeu: 11%<\/div>\n<div style=\"text-align: justify;\">\nDados da pesquisa:<\/div>\n<div style=\"text-align: justify;\">\n<\/div>\n<div style=\"text-align: justify;\">\nMargem de erro: 2 pontos percentuais para mais ou para menos<\/div>\n<div style=\"text-align: justify;\">\nEntrevistados: 2.506 eleitores em munic\u00edpios<\/div>\n<div style=\"text-align: justify;\">\nQuando a pesquisa foi feita: de 16 a 18 de setembro<\/div>\n<div style=\"text-align: justify;\">\nRegistro no TSE: BR-09678\/2018<\/div>\n<div style=\"text-align: justify;\">\nN\u00edvel de confian\u00e7a: 95%<\/div>\n<div style=\"text-align: justify;\">\nContratante da pesquisa: Ibope Intelig\u00eancia<\/div>\n<div style=\"text-align: justify;\">\n<\/div>\n","protected":false},"excerpt":{"rendered":"<p>O Ibope divulgou na noite desta ter\u00e7a (18) mais uma rodada de resultados da pesquisa para a corrida presidencial. A&hellip;<\/p>\n","protected":false},"author":1,"featured_media":0,"comment_status":"open","ping_status":"open","sticky":false,"template":"","format":"standard","meta":{"footnotes":""},"categories":[1],"tags":[2,20,1235],"class_list":["post-1275","post","type-post","status-publish","format-standard","hentry","category-sem-categoria","tag-blog-do-edvaldo-magalhaes","tag-politica","tag-resultado-da-pesquisa-ibope-para-presidente-neste-terca-18"],"_links":{"self":[{"href":"https:\/\/blogdoedvaldomagalhaes.com.br\/index.php\/wp-json\/wp\/v2\/posts\/1275","targetHints":{"allow":["GET"]}}],"collection":[{"href":"https:\/\/blogdoedvaldomagalhaes.com.br\/index.php\/wp-json\/wp\/v2\/posts"}],"about":[{"href":"https:\/\/blogdoedvaldomagalhaes.com.br\/index.php\/wp-json\/wp\/v2\/types\/post"}],"author":[{"embeddable":true,"href":"https:\/\/blogdoedvaldomagalhaes.com.br\/index.php\/wp-json\/wp\/v2\/users\/1"}],"replies":[{"embeddable":true,"href":"https:\/\/blogdoedvaldomagalhaes.com.br\/index.php\/wp-json\/wp\/v2\/comments?post=1275"}],"version-history":[{"count":1,"href":"https:\/\/blogdoedvaldomagalhaes.com.br\/index.php\/wp-json\/wp\/v2\/posts\/1275\/revisions"}],"predecessor-version":[{"id":34165,"href":"https:\/\/blogdoedvaldomagalhaes.com.br\/index.php\/wp-json\/wp\/v2\/posts\/1275\/revisions\/34165"}],"wp:attachment":[{"href":"https:\/\/blogdoedvaldomagalhaes.com.br\/index.php\/wp-json\/wp\/v2\/media?parent=1275"}],"wp:term":[{"taxonomy":"category","embeddable":true,"href":"https:\/\/blogdoedvaldomagalhaes.com.br\/index.php\/wp-json\/wp\/v2\/categories?post=1275"},{"taxonomy":"post_tag","embeddable":true,"href":"https:\/\/blogdoedvaldomagalhaes.com.br\/index.php\/wp-json\/wp\/v2\/tags?post=1275"}],"curies":[{"name":"wp","href":"https:\/\/api.w.org\/{rel}","templated":true}]}}