{"id":127498,"date":"2026-03-08T18:38:45","date_gmt":"2026-03-08T21:38:45","guid":{"rendered":"https:\/\/blogdoedvaldomagalhaes.com.br\/?p=127498"},"modified":"2026-03-08T18:46:12","modified_gmt":"2026-03-08T21:46:12","slug":"no-dia-da-mulher-palacio-do-campo-das-princesas-recebe-projecao-para-divulgar-copa-do-mundo-feminina-da-fifa","status":"publish","type":"post","link":"https:\/\/blogdoedvaldomagalhaes.com.br\/index.php\/2026\/03\/08\/no-dia-da-mulher-palacio-do-campo-das-princesas-recebe-projecao-para-divulgar-copa-do-mundo-feminina-da-fifa\/","title":{"rendered":"No Dia da Mulher, Pal\u00e1cio do Campo das Princesas recebe proje\u00e7\u00e3o para divulgar Copa do Mundo Feminina da FIFA"},"content":{"rendered":"<p>Neste domingo (08.03), Dia Internacional da Mulher, o Pal\u00e1cio do Campo das Princesas ganha uma cara nova do para promover a Copa do Mundo Feminina da FIFA. Na iniciativa, a sede do Executivo estadual recebe a proje\u00e7\u00e3o da identidade visual do evento, que ocorre em junho de 2027, com jogos realizados na Arena de Pernambuco.<\/p>\n<p>\u201cNo Dia Internacional da Mulher, n\u00f3s emprestamos a fachada do Pal\u00e1cio do Campo das Princesas, esse pr\u00e9dio hist\u00f3rico, que conta parte da hist\u00f3ria de Pernambuco, para divulgar o futebol feminino. Teremos a alegria de receber os jogos na Arena de Pernambuco, onde queremos ver as jogadoras brilharem, com muita representatividade para todas n\u00f3s, pernambucanas\u201d, destacou a governadora Raquel Lyra.<\/p>\n<p><img loading=\"lazy\" decoding=\"async\" src=\"https:\/\/blogdoedvaldomagalhaes.com.br\/wp-content\/uploads\/2026\/03\/img-20260308-wa01547619113660277421156.jpg\" class=\"wp-image-127506 alignnone size-full\" width=\"1600\" height=\"900\" srcset=\"https:\/\/blogdoedvaldomagalhaes.com.br\/wp-content\/uploads\/2026\/03\/img-20260308-wa01547619113660277421156.jpg 1600w, https:\/\/blogdoedvaldomagalhaes.com.br\/wp-content\/uploads\/2026\/03\/img-20260308-wa01547619113660277421156-300x169.jpg 300w, https:\/\/blogdoedvaldomagalhaes.com.br\/wp-content\/uploads\/2026\/03\/img-20260308-wa01547619113660277421156-1024x576.jpg 1024w, https:\/\/blogdoedvaldomagalhaes.com.br\/wp-content\/uploads\/2026\/03\/img-20260308-wa01547619113660277421156-768x432.jpg 768w, https:\/\/blogdoedvaldomagalhaes.com.br\/wp-content\/uploads\/2026\/03\/img-20260308-wa01547619113660277421156-1536x864.jpg 1536w, https:\/\/blogdoedvaldomagalhaes.com.br\/wp-content\/uploads\/2026\/03\/img-20260308-wa01547619113660277421156-1140x641.jpg 1140w, https:\/\/blogdoedvaldomagalhaes.com.br\/wp-content\/uploads\/2026\/03\/img-20260308-wa01547619113660277421156-720x405.jpg 720w\" sizes=\"auto, (max-width: 1600px) 100vw, 1600px\" \/><\/p>\n<p>O emblema combina as letras &#8220;W&#8221; (que significa &#8220;women&#8221; e &#8220;world&#8221;) e &#8220;M&#8221; (que est\u00e1 no in\u00edcio das mesmas duas palavras em portugu\u00eas, &#8220;mulheres&#8221; e &#8220;mundo&#8221;). A forma de diamante formada entre as duas letras empilhadas \u00e9 uma homenagem \u00e0 bandeira brasileira. A tipografia oficial remete ao grafismo produzido atrav\u00e9s do movimento dos pinc\u00e9is, em refer\u00eancia \u00e0 tradi\u00e7\u00e3o brasileira de pintar as ruas para torcer pelas sele\u00e7\u00f5es nacionais. E Brasil est\u00e1 escrito com S, respeitando a grafia do portugu\u00eas, em vez do Z utilizado na grafia em ingl\u00eas.<\/p>\n<p>A secret\u00e1ria de Esportes de Pernambuco, Ivete Lacerda, destacou a import\u00e2ncia de dar visibilidade ao futebol feminino. &#8220;Em uma data t\u00e3o simb\u00f3lica como o Dia Internacional da Mulher, estamos convidando a popula\u00e7\u00e3o a assistir, torcer e se envolver com o esporte praticado por mulheres&#8221;, pontuou.<\/p>\n<p>\u201cReceber jogos da Copa do Mundo Feminina em Pernambuco \u00e9 motivo de grande orgulho. A Arena de Pernambuco est\u00e1 preparada para sediar um evento dessa dimens\u00e3o e contribuir para dar ainda mais visibilidade ao futebol feminino. Especialmente neste dia, a a\u00e7\u00e3o tamb\u00e9m refor\u00e7a a import\u00e2ncia de incentivar e valorizar o protagonismo das mulheres no esporte\u201d, refor\u00e7ou Michele Collins, diretora-presidente da Arena Pernambuco.<\/p>\n","protected":false},"excerpt":{"rendered":"<p>Neste domingo (08.03), Dia Internacional da Mulher, o Pal\u00e1cio do Campo das Princesas ganha uma cara nova do para promover&hellip;<\/p>\n","protected":false},"author":1,"featured_media":127504,"comment_status":"closed","ping_status":"open","sticky":false,"template":"","format":"standard","meta":{"footnotes":""},"categories":[14120],"tags":[13146,36064,36065,20,34634],"class_list":["post-127498","post","type-post","status-publish","format-standard","has-post-thumbnail","hentry","category-noticias","tag-blog-edvaldo-magalhaes","tag-no-dia-da-mulher","tag-palacio-do-campo-das-princesas-recebe-projecao-para-divulgar-copa-do-mundo-feminina-da-fifa","tag-politica","tag-portal-edvaldo-magalhaes"],"_links":{"self":[{"href":"https:\/\/blogdoedvaldomagalhaes.com.br\/index.php\/wp-json\/wp\/v2\/posts\/127498","targetHints":{"allow":["GET"]}}],"collection":[{"href":"https:\/\/blogdoedvaldomagalhaes.com.br\/index.php\/wp-json\/wp\/v2\/posts"}],"about":[{"href":"https:\/\/blogdoedvaldomagalhaes.com.br\/index.php\/wp-json\/wp\/v2\/types\/post"}],"author":[{"embeddable":true,"href":"https:\/\/blogdoedvaldomagalhaes.com.br\/index.php\/wp-json\/wp\/v2\/users\/1"}],"replies":[{"embeddable":true,"href":"https:\/\/blogdoedvaldomagalhaes.com.br\/index.php\/wp-json\/wp\/v2\/comments?post=127498"}],"version-history":[{"count":3,"href":"https:\/\/blogdoedvaldomagalhaes.com.br\/index.php\/wp-json\/wp\/v2\/posts\/127498\/revisions"}],"predecessor-version":[{"id":127507,"href":"https:\/\/blogdoedvaldomagalhaes.com.br\/index.php\/wp-json\/wp\/v2\/posts\/127498\/revisions\/127507"}],"wp:featuredmedia":[{"embeddable":true,"href":"https:\/\/blogdoedvaldomagalhaes.com.br\/index.php\/wp-json\/wp\/v2\/media\/127504"}],"wp:attachment":[{"href":"https:\/\/blogdoedvaldomagalhaes.com.br\/index.php\/wp-json\/wp\/v2\/media?parent=127498"}],"wp:term":[{"taxonomy":"category","embeddable":true,"href":"https:\/\/blogdoedvaldomagalhaes.com.br\/index.php\/wp-json\/wp\/v2\/categories?post=127498"},{"taxonomy":"post_tag","embeddable":true,"href":"https:\/\/blogdoedvaldomagalhaes.com.br\/index.php\/wp-json\/wp\/v2\/tags?post=127498"}],"curies":[{"name":"wp","href":"https:\/\/api.w.org\/{rel}","templated":true}]}}