{"id":127496,"date":"2026-03-08T18:24:58","date_gmt":"2026-03-08T21:24:58","guid":{"rendered":"https:\/\/blogdoedvaldomagalhaes.com.br\/?p=127496"},"modified":"2026-03-08T18:42:01","modified_gmt":"2026-03-08T21:42:01","slug":"em-olinda-governadora-raquel-lyra-anuncia-obras-de-r-14-milhao-de-contencao-de-encostas-e-reforma-do-santuario-mae-rainha","status":"publish","type":"post","link":"https:\/\/blogdoedvaldomagalhaes.com.br\/index.php\/2026\/03\/08\/em-olinda-governadora-raquel-lyra-anuncia-obras-de-r-14-milhao-de-contencao-de-encostas-e-reforma-do-santuario-mae-rainha\/","title":{"rendered":"Em Olinda, governadora Raquel Lyra anuncia obras de R$ 1,4 milh\u00e3o de conten\u00e7\u00e3o de encostas e reforma do Santu\u00e1rio M\u00e3e Rainha"},"content":{"rendered":"<p>Garantindo seguran\u00e7a e preserva\u00e7\u00e3o do patrim\u00f4nio religioso e tur\u00edstico de Olinda, a governadora Raquel Lyra autorizou, neste domingo (8), a abertura de licita\u00e7\u00e3o para servi\u00e7os de recupera\u00e7\u00e3o da encosta e reforma estrutural da tenda dos peregrinos do Santu\u00e1rio M\u00e3e Rainha, em Ouro Preto. Com investimento de R$ 1,4 milh\u00e3o do Governo do Estado, a interven\u00e7\u00e3o ir\u00e1 mitigar riscos de deslizamento e requalificar os espa\u00e7os de uso coletivo. O edital de licita\u00e7\u00e3o ser\u00e1 publicado na pr\u00f3xima edi\u00e7\u00e3o do Di\u00e1rio Oficial do Estado.<\/p>\n<p>\u201cFomos procurados por aqueles que fazem o Santu\u00e1rio M\u00e3e Rainha para que a gente pudesse cuidar da encosta, diante dos riscos de deslizamento que essa \u00e1rea sofre. Hoje, autorizamos o edital de licita\u00e7\u00e3o para garantir a preserva\u00e7\u00e3o do morro, a estabiliza\u00e7\u00e3o do solo e a reforma das estruturas que acolhem diversas pessoas em seu momento de peregrina\u00e7\u00e3o e manifesta\u00e7\u00e3o da sua f\u00e9. Agrade\u00e7o a parceria com a Arquidiocese de Olinda e Recife, que tem feito um trabalho em conjunto conosco em diversas reformas estruturais em nossas igrejas\u201d, ressaltou Raquel Lyra.<\/p>\n<p>A chefe do Executivo estadual acompanhou a missa conduzida pelo Arcebispo de Olinda e Recife, Dom Paulo Jackson. Ap\u00f3s a solenidade, a gestora ainda visitou o local onde acontecer\u00e3o as obras. Neste domingo, o Santu\u00e1rio M\u00e3e Rainha recebeu a programa\u00e7\u00e3o da IV Romaria dos Ter\u00e7os dos Homens (THMR), com um p\u00fablico de 4 mil pessoas.<\/p>\n<p>O reitor do Santu\u00e1rio M\u00e3e Rainha, padre Filipe Ara\u00fajo, lembra que o espa\u00e7o que originalmente recebe os peregrinos est\u00e1 fechado h\u00e1 dois anos. \u201cA tenda \u00e9 um espa\u00e7o muito importante para acolher melhor os peregrinos e est\u00e1 sem uso desde 2024. Esse espa\u00e7o \u00e9 fundamental para o Santu\u00e1rio. Hoje, recebemos com grande alegria esse presente do Governo do Estado, dando mais seguran\u00e7a para o Santu\u00e1rio e milhares de peregrinos\u201d, disse o sacerdote.<\/p>\n<p>A iniciativa ir\u00e1 garantir a recupera\u00e7\u00e3o de \u00e1reas de risco, dando maior estabilidade e melhorando as condi\u00e7\u00f5es de uso do espa\u00e7o p\u00fablico e de interesse coletivo, como explica a secret\u00e1ria de Desenvolvimento Urbano e Habita\u00e7\u00e3o, Simone Nunes. &#8220;Temos um risco geol\u00f3gico de deslocamento de terra, o que compromete a seguran\u00e7a das pessoas que transitam no Santu\u00e1rio que, al\u00e9m de ser um local de f\u00e9, \u00e9 tamb\u00e9m um local cultural. Essa \u00e9 uma a\u00e7\u00e3o faz parte do pacote de obras que o Governo do Pernambuco tem feito em v\u00e1rias encostas em todo o Estado\u201d, detalhou.<\/p>\n<p>As interven\u00e7\u00f5es ter\u00e3o o per\u00edodo de quatro meses e incluem a estabilidade do terreno, instala\u00e7\u00f5es el\u00e9tricas, drenagem e diversas outras melhorias f\u00edsicas, como constru\u00e7\u00e3o de muretas e telhamento met\u00e1lico. \u201c\u00c9 uma obra muito importantes para Olinda, mas tamb\u00e9m para Pernambuco e o Nordeste, porque esse espa\u00e7o recebe romeiros de diferentes locais. Tivemos um problema s\u00e9rio da encosta do Santu\u00e1rio e o Governo do Estado, demonstra sensibilidade e cuidado com o povo de Pernambuco e seus visitantes\u201d, pontuou o deputado estadual Ant\u00f4nio Moraes, que acompanhou o evento.<\/p>\n<p>O peregrino Rubens Gon\u00e7alves, de 62 anos, participa das missas no Santu\u00e1rio M\u00e3e Rainha h\u00e1 30 anos e celebrou o an\u00fancio das interven\u00e7\u00f5es. \u201cEssa \u00e9 uma grande obra. \u00c9 preciso ser feito o servi\u00e7o de conten\u00e7\u00e3o da encosta e depois reconstruir a tenda, isso gera um custo enorme. Com o suporte do Governo do Estado, n\u00f3s vamos conseguir realizar esse sonho\u201d, comentou.<\/p>\n<p>Estiveram presentes a secret\u00e1ria da Mulher, Juliana Gouveia, os secret\u00e1rios executivos Daniella Brito (Imprensa), Jos\u00e9 Pereira (Casa Civil), Igor Cadena (Casa Civil), o prefeito de Olinda em exerc\u00edcio, Chiquinho, al\u00e9m de vereadores e lideran\u00e7as locais.<br \/>\nFoto: Yacy Ribeiro\/Secom.<br \/>\nSiga o Instagram @portaledvaldomagalhaes<\/p>\n","protected":false},"excerpt":{"rendered":"<p>Garantindo seguran\u00e7a e preserva\u00e7\u00e3o do patrim\u00f4nio religioso e tur\u00edstico de Olinda, a governadora Raquel Lyra autorizou, neste domingo (8), a&hellip;<\/p>\n","protected":false},"author":1,"featured_media":127501,"comment_status":"closed","ping_status":"open","sticky":false,"template":"","format":"standard","meta":{"footnotes":""},"categories":[14120],"tags":[13146,20,34634],"class_list":["post-127496","post","type-post","status-publish","format-standard","has-post-thumbnail","hentry","category-noticias","tag-blog-edvaldo-magalhaes","tag-politica","tag-portal-edvaldo-magalhaes"],"_links":{"self":[{"href":"https:\/\/blogdoedvaldomagalhaes.com.br\/index.php\/wp-json\/wp\/v2\/posts\/127496","targetHints":{"allow":["GET"]}}],"collection":[{"href":"https:\/\/blogdoedvaldomagalhaes.com.br\/index.php\/wp-json\/wp\/v2\/posts"}],"about":[{"href":"https:\/\/blogdoedvaldomagalhaes.com.br\/index.php\/wp-json\/wp\/v2\/types\/post"}],"author":[{"embeddable":true,"href":"https:\/\/blogdoedvaldomagalhaes.com.br\/index.php\/wp-json\/wp\/v2\/users\/1"}],"replies":[{"embeddable":true,"href":"https:\/\/blogdoedvaldomagalhaes.com.br\/index.php\/wp-json\/wp\/v2\/comments?post=127496"}],"version-history":[{"count":2,"href":"https:\/\/blogdoedvaldomagalhaes.com.br\/index.php\/wp-json\/wp\/v2\/posts\/127496\/revisions"}],"predecessor-version":[{"id":127502,"href":"https:\/\/blogdoedvaldomagalhaes.com.br\/index.php\/wp-json\/wp\/v2\/posts\/127496\/revisions\/127502"}],"wp:featuredmedia":[{"embeddable":true,"href":"https:\/\/blogdoedvaldomagalhaes.com.br\/index.php\/wp-json\/wp\/v2\/media\/127501"}],"wp:attachment":[{"href":"https:\/\/blogdoedvaldomagalhaes.com.br\/index.php\/wp-json\/wp\/v2\/media?parent=127496"}],"wp:term":[{"taxonomy":"category","embeddable":true,"href":"https:\/\/blogdoedvaldomagalhaes.com.br\/index.php\/wp-json\/wp\/v2\/categories?post=127496"},{"taxonomy":"post_tag","embeddable":true,"href":"https:\/\/blogdoedvaldomagalhaes.com.br\/index.php\/wp-json\/wp\/v2\/tags?post=127496"}],"curies":[{"name":"wp","href":"https:\/\/api.w.org\/{rel}","templated":true}]}}