{"id":127486,"date":"2026-03-08T21:21:55","date_gmt":"2026-03-09T00:21:55","guid":{"rendered":"https:\/\/blogdoedvaldomagalhaes.com.br\/?p=127486"},"modified":"2026-04-27T13:19:00","modified_gmt":"2026-04-27T16:19:00","slug":"motociclista-morre-apos-colidir-contra-defensa-da-br-232","status":"publish","type":"post","link":"https:\/\/blogdoedvaldomagalhaes.com.br\/index.php\/2026\/03\/08\/motociclista-morre-apos-colidir-contra-defensa-da-br-232\/","title":{"rendered":"Motociclista morre ap\u00f3s colidir contra defensa da BR 232"},"content":{"rendered":"<p>O sinistro de tr\u00e2nsito ocorreu no Km 129 da BR 232, em Caruaru. <span style=\"font-size: revert;\">Foi uma colis\u00e3o de uma motocicleta na defensa da rodovia.<\/span><\/p>\n<p><img loading=\"lazy\" decoding=\"async\" class=\"wp-image-127493 alignnone size-full\" src=\"https:\/\/blogdoedvaldomagalhaes.com.br\/wp-content\/uploads\/2026\/03\/img-20260307-wa009221252899159013419414.jpg\" width=\"791\" height=\"642\" srcset=\"https:\/\/blogdoedvaldomagalhaes.com.br\/wp-content\/uploads\/2026\/03\/img-20260307-wa009221252899159013419414.jpg 791w, https:\/\/blogdoedvaldomagalhaes.com.br\/wp-content\/uploads\/2026\/03\/img-20260307-wa009221252899159013419414-300x243.jpg 300w, https:\/\/blogdoedvaldomagalhaes.com.br\/wp-content\/uploads\/2026\/03\/img-20260307-wa009221252899159013419414-768x623.jpg 768w\" sizes=\"auto, (max-width: 791px) 100vw, 791px\" \/><\/p>\n<p>O condutor da moto, Jonas Eufr\u00e1sio da Silva, de 36 anos de idade, natural de Bezerros, faleceu no local. Foto: Divulga\u00e7\u00e3o\/PRF<br \/>\nSiga o Instagram @portaledvaldomagalhaes<\/p>\n","protected":false},"excerpt":{"rendered":"<p>O sinistro de tr\u00e2nsito ocorreu no Km 129 da BR 232, em Caruaru. Foi uma colis\u00e3o de uma motocicleta na&hellip;<\/p>\n","protected":false},"author":1,"featured_media":127487,"comment_status":"closed","ping_status":"open","sticky":false,"template":"","format":"standard","meta":{"footnotes":""},"categories":[14120],"tags":[14276,13146,36063,34634,30295,21225],"class_list":["post-127486","post","type-post","status-publish","format-standard","has-post-thumbnail","hentry","category-noticias","tag-acidente","tag-blog-edvaldo-magalhaes","tag-motociclista-morre-apos-colidir-contra-defensa-da-br-232","tag-portal-edvaldo-magalhaes","tag-sinistro","tag-transito"],"_links":{"self":[{"href":"https:\/\/blogdoedvaldomagalhaes.com.br\/index.php\/wp-json\/wp\/v2\/posts\/127486","targetHints":{"allow":["GET"]}}],"collection":[{"href":"https:\/\/blogdoedvaldomagalhaes.com.br\/index.php\/wp-json\/wp\/v2\/posts"}],"about":[{"href":"https:\/\/blogdoedvaldomagalhaes.com.br\/index.php\/wp-json\/wp\/v2\/types\/post"}],"author":[{"embeddable":true,"href":"https:\/\/blogdoedvaldomagalhaes.com.br\/index.php\/wp-json\/wp\/v2\/users\/1"}],"replies":[{"embeddable":true,"href":"https:\/\/blogdoedvaldomagalhaes.com.br\/index.php\/wp-json\/wp\/v2\/comments?post=127486"}],"version-history":[{"count":7,"href":"https:\/\/blogdoedvaldomagalhaes.com.br\/index.php\/wp-json\/wp\/v2\/posts\/127486\/revisions"}],"predecessor-version":[{"id":128819,"href":"https:\/\/blogdoedvaldomagalhaes.com.br\/index.php\/wp-json\/wp\/v2\/posts\/127486\/revisions\/128819"}],"wp:featuredmedia":[{"embeddable":true,"href":"https:\/\/blogdoedvaldomagalhaes.com.br\/index.php\/wp-json\/wp\/v2\/media\/127487"}],"wp:attachment":[{"href":"https:\/\/blogdoedvaldomagalhaes.com.br\/index.php\/wp-json\/wp\/v2\/media?parent=127486"}],"wp:term":[{"taxonomy":"category","embeddable":true,"href":"https:\/\/blogdoedvaldomagalhaes.com.br\/index.php\/wp-json\/wp\/v2\/categories?post=127486"},{"taxonomy":"post_tag","embeddable":true,"href":"https:\/\/blogdoedvaldomagalhaes.com.br\/index.php\/wp-json\/wp\/v2\/tags?post=127486"}],"curies":[{"name":"wp","href":"https:\/\/api.w.org\/{rel}","templated":true}]}}