{"id":127483,"date":"2026-03-07T17:33:11","date_gmt":"2026-03-07T20:33:11","guid":{"rendered":"https:\/\/blogdoedvaldomagalhaes.com.br\/?p=127483"},"modified":"2026-03-07T17:33:11","modified_gmt":"2026-03-07T20:33:11","slug":"final-do-campeonato-pernambucano-de-futebol-2026-tera-acoes-de-combate-a-violencia-contra-mulher","status":"publish","type":"post","link":"https:\/\/blogdoedvaldomagalhaes.com.br\/index.php\/2026\/03\/07\/final-do-campeonato-pernambucano-de-futebol-2026-tera-acoes-de-combate-a-violencia-contra-mulher\/","title":{"rendered":"Final do Campeonato Pernambucano de Futebol 2026 ter\u00e1 a\u00e7\u00f5es de combate \u00e0 viol\u00eancia contra mulher"},"content":{"rendered":"<p>A decis\u00e3o do Campeonato Pernambucano de Futebol 2026 entre N\u00e1utico e Sport, marcada para este domingo (08.03), \u00e0s 18h, no Est\u00e1dio dos Aflitos, ser\u00e1 tamb\u00e9m palco de uma mobiliza\u00e7\u00e3o contra a viol\u00eancia de g\u00eanero. Em alus\u00e3o ao Dia Internacional da Mulher, o Clube N\u00e1utico Capibaribe, a UNINASSAU e o Instituto Banco Vermelho (IBV) promovem uma s\u00e9rie de a\u00e7\u00f5es de conscientiza\u00e7\u00e3o que buscam chamar a aten\u00e7\u00e3o do p\u00fablico para o enfrentamento \u00e0 viol\u00eancia de g\u00eanero.<\/p>\n<p>Antes do apito inicial, os jogadores das duas equipes entrar\u00e3o em campo carregando uma faixa com a mensagem \u201cFeminic\u00eddio Zero\u201d, refor\u00e7ando o posicionamento coletivo de combate \u00e0 viol\u00eancia contra as mulheres. A iniciativa tamb\u00e9m contar\u00e1 com a instala\u00e7\u00e3o de um banco gigante na cor vermelha na sede do est\u00e1dio, s\u00edmbolo do movimento que convida torcedores e visitantes a refletirem sobre a gravidade do problema.<\/p>\n<p>A escolha do ambiente esportivo para a mobiliza\u00e7\u00e3o n\u00e3o \u00e9 aleat\u00f3ria. Dados do F\u00f3rum Brasileiro de Seguran\u00e7a P\u00fablica indicam que, em dias de jogos de futebol, os registros de viol\u00eancia dom\u00e9stica aumentam significativamente. Segundo levantamento da entidade, boletins de ocorr\u00eancia por amea\u00e7a contra mulheres crescem 23,7%, enquanto os casos de les\u00e3o corporal dolosa aumentam 20,8%, especialmente quando o time joga em casa.<\/p>\n<p>A presidente do Instituto Banco Vermelho, Andrea Rodrigues, destaca a import\u00e2ncia de levar o debate para espa\u00e7os de grande visibilidade. \u201c\u00c9 fundamental utilizarmos ambientes como os est\u00e1dios de futebol, que concentram milhares de pessoas, para promover mensagens de respeito e igualdade. O banco vermelho \u00e9 um convite \u00e0 reflex\u00e3o e \u00e0 a\u00e7\u00e3o coletiva\u201d, afirma.<\/p>\n<p>Al\u00e9m da interven\u00e7\u00e3o com o banco vermelho, a UNINASSAU instalar\u00e1 duas cadeiras vazias no est\u00e1dio, cada uma acompanhada de uma frase de impacto que simboliza o lugar que poderia estar ocupado por uma mulher v\u00edtima de feminic\u00eddio. A a\u00e7\u00e3o faz parte de um conjunto de iniciativas desenvolvidas pela Ser Educacional, mantenedora da institui\u00e7\u00e3o de ensino, voltadas \u00e0 preven\u00e7\u00e3o da viol\u00eancia contra a mulher.<\/p>\n<p>Entre elas est\u00e1 o Espa\u00e7o Seguro, projeto que integra o Programa Ser Mulher e transforma as institui\u00e7\u00f5es de ensino do grupo em pontos de acolhimento e orienta\u00e7\u00e3o para mulheres em situa\u00e7\u00e3o de viol\u00eancia. A iniciativa conta com o apoio do Instituto Banco Vermelho, do Instituto Maria da Penha e do Grupo Mulheres do Brasil. O programa tamb\u00e9m oferece bolsas de gradua\u00e7\u00e3o digital 100% gratuitas, al\u00e9m de atendimento psicol\u00f3gico nas Cl\u00ednicas-Escola de Psicologia e suporte jur\u00eddico por meio dos N\u00facleos de Pr\u00e1ticas Jur\u00eddicas (NPJ).<\/p>\n<p>Para Adriane Mendes, gerente de Governan\u00e7a Social da Ser Educacional, o esporte pode ser um importante aliado na transforma\u00e7\u00e3o social. \u201cAcreditamos que o esporte, assim como a educa\u00e7\u00e3o, tem o poder de inspirar mudan\u00e7as e mobilizar a sociedade. Ao levar essa mensagem para o est\u00e1dio, conseguimos alcan\u00e7ar um p\u00fablico amplo e refor\u00e7ar a import\u00e2ncia do respeito e da paz tamb\u00e9m dentro e fora das arquibancadas\u201d, afirma.<\/p>\n<p>\u201c\u00c9 um orgulho para o Clube fazer parte dessa campanha. Entendemos o futebol como uma ferramenta de transforma\u00e7\u00e3o social, e iniciativas como esta s\u00e3o fundamentais para ampliar a conscientiza\u00e7\u00e3o e chamar a aten\u00e7\u00e3o para um tema t\u00e3o urgente quanto o combate ao feminic\u00eddio. Precisamos refor\u00e7ar, sempre que poss\u00edvel, a import\u00e2ncia do respeito, da dignidade e da paz &#8211; dentro e fora dos est\u00e1dios\u201d, afirmou Ana L\u00facia Lira, gerente de marketing do N\u00e1utico.<\/p>\n<p>*SOBRE O IBV* \u2013 O Instituto Banco Vermelho \u00e9 uma organiza\u00e7\u00e3o brasileira, sem fins lucrativos e suprapartid\u00e1ria, fundada em 25 de novembro de 2023 com a miss\u00e3o de atuar em frentes de preven\u00e7\u00e3o \u00e0 viol\u00eancia de g\u00eanero e em prol do feminic\u00eddio zero. Presente em mais de 16 estados e com mais de 200 bancos instalados pelo pa\u00eds, o instituto vai muito al\u00e9m do s\u00edmbolo do banco na cor vermelha: dedica-se a educar, conscientizar e ampliar o entendimento da popula\u00e7\u00e3o sobre a gravidade do crime de g\u00eanero, atuando em parceria com institui\u00e7\u00f5es p\u00fablicas, iniciativas privadas e entidades setoriais.<\/p>\n<p>Entre suas frentes de maior impacto, tem como parceira a apresentadora e cantora Juliette, enquanto embaixadora oficial, ampliando o alcance da mensagem de preven\u00e7\u00e3o e prote\u00e7\u00e3o \u00e0s mulheres em todo o Brasil. Em 25 de novembro de 2025, data que marca os dois anos de funda\u00e7\u00e3o do IBV, o instituto lan\u00e7ou a campanha nacional \u201cVoc\u00ea n\u00e3o est\u00e1 sozinha\u201d, apresentada conjuntamente por Juliette, pelo IBV e pela rede Pague Menos. Foto: Divulga\u00e7\u00e3o<br \/>\nSiga o Instagram @portaledvaldomagalhaes<\/p>\n","protected":false},"excerpt":{"rendered":"<p>A decis\u00e3o do Campeonato Pernambucano de Futebol 2026 entre N\u00e1utico e Sport, marcada para este domingo (08.03), \u00e0s 18h, no&hellip;<\/p>\n","protected":false},"author":1,"featured_media":127484,"comment_status":"closed","ping_status":"open","sticky":false,"template":"","format":"standard","meta":{"footnotes":""},"categories":[14120],"tags":[13146,36062,34634],"class_list":["post-127483","post","type-post","status-publish","format-standard","has-post-thumbnail","hentry","category-noticias","tag-blog-edvaldo-magalhaes","tag-final-do-campeonato-pernambucano-de-futebol-2026-tera-acoes-de-combate-a-violencia-contra-mulher","tag-portal-edvaldo-magalhaes"],"_links":{"self":[{"href":"https:\/\/blogdoedvaldomagalhaes.com.br\/index.php\/wp-json\/wp\/v2\/posts\/127483","targetHints":{"allow":["GET"]}}],"collection":[{"href":"https:\/\/blogdoedvaldomagalhaes.com.br\/index.php\/wp-json\/wp\/v2\/posts"}],"about":[{"href":"https:\/\/blogdoedvaldomagalhaes.com.br\/index.php\/wp-json\/wp\/v2\/types\/post"}],"author":[{"embeddable":true,"href":"https:\/\/blogdoedvaldomagalhaes.com.br\/index.php\/wp-json\/wp\/v2\/users\/1"}],"replies":[{"embeddable":true,"href":"https:\/\/blogdoedvaldomagalhaes.com.br\/index.php\/wp-json\/wp\/v2\/comments?post=127483"}],"version-history":[{"count":1,"href":"https:\/\/blogdoedvaldomagalhaes.com.br\/index.php\/wp-json\/wp\/v2\/posts\/127483\/revisions"}],"predecessor-version":[{"id":127485,"href":"https:\/\/blogdoedvaldomagalhaes.com.br\/index.php\/wp-json\/wp\/v2\/posts\/127483\/revisions\/127485"}],"wp:featuredmedia":[{"embeddable":true,"href":"https:\/\/blogdoedvaldomagalhaes.com.br\/index.php\/wp-json\/wp\/v2\/media\/127484"}],"wp:attachment":[{"href":"https:\/\/blogdoedvaldomagalhaes.com.br\/index.php\/wp-json\/wp\/v2\/media?parent=127483"}],"wp:term":[{"taxonomy":"category","embeddable":true,"href":"https:\/\/blogdoedvaldomagalhaes.com.br\/index.php\/wp-json\/wp\/v2\/categories?post=127483"},{"taxonomy":"post_tag","embeddable":true,"href":"https:\/\/blogdoedvaldomagalhaes.com.br\/index.php\/wp-json\/wp\/v2\/tags?post=127483"}],"curies":[{"name":"wp","href":"https:\/\/api.w.org\/{rel}","templated":true}]}}