{"id":127480,"date":"2026-03-07T17:15:54","date_gmt":"2026-03-07T20:15:54","guid":{"rendered":"https:\/\/blogdoedvaldomagalhaes.com.br\/?p=127480"},"modified":"2026-03-07T17:15:54","modified_gmt":"2026-03-07T20:15:54","slug":"caruaru-e-destaque-nacional-no-premio-de-inovacao-previdenciaria","status":"publish","type":"post","link":"https:\/\/blogdoedvaldomagalhaes.com.br\/index.php\/2026\/03\/07\/caruaru-e-destaque-nacional-no-premio-de-inovacao-previdenciaria\/","title":{"rendered":"Caruaru \u00e9 destaque nacional no Pr\u00eamio de Inova\u00e7\u00e3o Previdenci\u00e1ria"},"content":{"rendered":"<p>Mais uma importante premia\u00e7\u00e3o nacional coloca Caruaru como destaque no Brasil em inova\u00e7\u00e3o e transpar\u00eancia na gest\u00e3o da previd\u00eancia municipal. O CaruaruPrev conquistou o 9\u00ba lugar nacional na categoria Segurados, durante o 8\u00ba Pr\u00eamio Nacional de Inova\u00e7\u00e3o Previdenci\u00e1ria. A premia\u00e7\u00e3o \u00e9 promovida pela ANEPREM (Associa\u00e7\u00e3o Nacional de Entidades de Previd\u00eancia dos Estados e Munic\u00edpios) e tem como objetivo reconhecer e incentivar pr\u00e1ticas inovadoras desenvolvidas pelos Regimes Pr\u00f3prios de Previd\u00eancia Social (RPPS) em todo o pa\u00eds. O pr\u00eamio valoriza iniciativas que promovam moderniza\u00e7\u00e3o da gest\u00e3o, educa\u00e7\u00e3o previdenci\u00e1ria, efici\u00eancia administrativa e melhoria cont\u00ednua dos servi\u00e7os oferecidos aos segurados.<\/p>\n<p>Na categoria \u201cSegurados\u201d, em que o CaruaruPrev foi reconhecido, os crit\u00e9rios de avalia\u00e7\u00e3o contemplam: Atendimento de qualidade; Educa\u00e7\u00e3o previdenci\u00e1ria; Bem-estar dos benefici\u00e1rios; Agilidade na concess\u00e3o de benef\u00edcios e Projetos que aproximem o instituto da popula\u00e7\u00e3o. O destaque do CaruaruPrev foi o projeto \u201cFoco Previdenci\u00e1rio\u201d, uma iniciativa inovadora que utiliza o Instagram como ferramenta de educa\u00e7\u00e3o e aproxima\u00e7\u00e3o com os segurados. O projeto leva semanalmente temas relevantes sobre RPPS, v\u00eddeos curtos, claros e objetivos, linguagem acess\u00edvel \u00e0 popula\u00e7\u00e3o, al\u00e9m de mascotes institucionais, que tornam os conte\u00fados mais did\u00e1ticos e atrativos. O Foco Previdenci\u00e1rio amplia o alcance da informa\u00e7\u00e3o previdenci\u00e1ria, beneficiando n\u00e3o apenas os segurados do CaruaruPrev, mas toda a sociedade interessada em compreender melhor o regime pr\u00f3prio de previd\u00eancia.<\/p>\n<p>\u201cMais uma premia\u00e7\u00e3o nacional conquistada pelo CaruaruPrev. S\u00e3o conquistas como essa que demonstram a excel\u00eancia da gest\u00e3o e reafirmam o nosso compromisso com a inova\u00e7\u00e3o, a transpar\u00eancia e o fortalecimento da educa\u00e7\u00e3o previdenci\u00e1ria, consolidando o CaruaruPrev como uma institui\u00e7\u00e3o moderna, pr\u00f3xima dos seus segurados e alinhada \u00e0s melhores pr\u00e1ticas do pa\u00eds\u201d, ressaltou o prefeito de Caruaru, Rodrigo Pinheiro.<\/p>\n<p>\u201cEssa conquista no 8\u00ba Pr\u00eamio Nacional de Inova\u00e7\u00e3o Previdenci\u00e1ria refor\u00e7a que o CaruaruPrev est\u00e1 no caminho certo: inovando com responsabilidade, fortalecendo a educa\u00e7\u00e3o previdenci\u00e1ria e mantendo o compromisso permanente com nossos segurados e com uma gest\u00e3o cada vez mais moderna e eficiente\u201d, avaliou a presidente do CaruaruPrev, Fernanda Melo.<\/p>\n<p>O pr\u00eamio ser\u00e1 entregue no dia 11 de mar\u00e7o, durante o 4\u00ba Congresso Nacional de Conselheiros e Gestores da Aneprem, que acontece em Macei\u00f3\/AL. Foto: Divulga\u00e7\u00e3o\/PMC<br \/>\nSiga o Instagram @portaledvaldomagalhaes<\/p>\n","protected":false},"excerpt":{"rendered":"<p>Mais uma importante premia\u00e7\u00e3o nacional coloca Caruaru como destaque no Brasil em inova\u00e7\u00e3o e transpar\u00eancia na gest\u00e3o da previd\u00eancia municipal.&hellip;<\/p>\n","protected":false},"author":1,"featured_media":127481,"comment_status":"closed","ping_status":"open","sticky":false,"template":"","format":"standard","meta":{"footnotes":""},"categories":[14120],"tags":[13146,36061,34634],"class_list":["post-127480","post","type-post","status-publish","format-standard","has-post-thumbnail","hentry","category-noticias","tag-blog-edvaldo-magalhaes","tag-caruaru-e-destaque-nacional-no-premio-de-inovacao-previdenciaria","tag-portal-edvaldo-magalhaes"],"_links":{"self":[{"href":"https:\/\/blogdoedvaldomagalhaes.com.br\/index.php\/wp-json\/wp\/v2\/posts\/127480","targetHints":{"allow":["GET"]}}],"collection":[{"href":"https:\/\/blogdoedvaldomagalhaes.com.br\/index.php\/wp-json\/wp\/v2\/posts"}],"about":[{"href":"https:\/\/blogdoedvaldomagalhaes.com.br\/index.php\/wp-json\/wp\/v2\/types\/post"}],"author":[{"embeddable":true,"href":"https:\/\/blogdoedvaldomagalhaes.com.br\/index.php\/wp-json\/wp\/v2\/users\/1"}],"replies":[{"embeddable":true,"href":"https:\/\/blogdoedvaldomagalhaes.com.br\/index.php\/wp-json\/wp\/v2\/comments?post=127480"}],"version-history":[{"count":1,"href":"https:\/\/blogdoedvaldomagalhaes.com.br\/index.php\/wp-json\/wp\/v2\/posts\/127480\/revisions"}],"predecessor-version":[{"id":127482,"href":"https:\/\/blogdoedvaldomagalhaes.com.br\/index.php\/wp-json\/wp\/v2\/posts\/127480\/revisions\/127482"}],"wp:featuredmedia":[{"embeddable":true,"href":"https:\/\/blogdoedvaldomagalhaes.com.br\/index.php\/wp-json\/wp\/v2\/media\/127481"}],"wp:attachment":[{"href":"https:\/\/blogdoedvaldomagalhaes.com.br\/index.php\/wp-json\/wp\/v2\/media?parent=127480"}],"wp:term":[{"taxonomy":"category","embeddable":true,"href":"https:\/\/blogdoedvaldomagalhaes.com.br\/index.php\/wp-json\/wp\/v2\/categories?post=127480"},{"taxonomy":"post_tag","embeddable":true,"href":"https:\/\/blogdoedvaldomagalhaes.com.br\/index.php\/wp-json\/wp\/v2\/tags?post=127480"}],"curies":[{"name":"wp","href":"https:\/\/api.w.org\/{rel}","templated":true}]}}