{"id":127477,"date":"2026-03-07T17:09:50","date_gmt":"2026-03-07T20:09:50","guid":{"rendered":"https:\/\/blogdoedvaldomagalhaes.com.br\/?p=127477"},"modified":"2026-03-07T17:09:50","modified_gmt":"2026-03-07T20:09:50","slug":"suspeito-de-estelionato-e-detido-pela-prf","status":"publish","type":"post","link":"https:\/\/blogdoedvaldomagalhaes.com.br\/index.php\/2026\/03\/07\/suspeito-de-estelionato-e-detido-pela-prf\/","title":{"rendered":"Suspeito de estelionato \u00e9 detido pela PRF"},"content":{"rendered":"<p>Um homem suspeito do crime de estelionato foi detido pela Pol\u00edcia Rodovi\u00e1ria Federal (PRF), na sexta-feira (06.03), na BR 116, em Salgueiro, no Sert\u00e3o pernambucano. A a\u00e7\u00e3o foi poss\u00edvel gra\u00e7as \u00e0 atua\u00e7\u00e3o em conjunto das for\u00e7as de seguran\u00e7a p\u00fablica, a partir da troca de informa\u00e7\u00f5es com a Pol\u00edcia Militar e Pol\u00edcia Civil da regi\u00e3o.<\/p>\n<p>Uma equipe da PRF recebeu informa\u00e7\u00f5es de que um homem e uma mulher haviam aplicado golpes financeiros na zona rural de Cabrob\u00f3, fazendo empr\u00e9stimos em nome de v\u00e1rias pessoas, e iniciaram buscas para localizar o carro utilizado nos crimes. Durante uma ronda no Km 27 da rodovia, o ve\u00edculo suspeito foi abordado.<\/p>\n<p>O motorista admitiu que estava envolvido na pr\u00e1tica dos crimes. Ele disse que havia sido contratado para realizar os golpes, mas disse que n\u00e3o sabia a identidade da mulher.<\/p>\n<p>O homem foi conduzido \u00e0 Delegacia de Pol\u00edcia Civil de Salgueiro, onde foi reconhecido pelas v\u00edtimas. Ele poder\u00e1 responder por estelionato, que prev\u00ea pena de um a cinco anos de reclus\u00e3o.<br \/>\nSiga o Instagram @portaledvaldomagalhaes<br \/>\nFoto: Divulga\u00e7\u00e3oPRF<\/p>\n","protected":false},"excerpt":{"rendered":"<p>Um homem suspeito do crime de estelionato foi detido pela Pol\u00edcia Rodovi\u00e1ria Federal (PRF), na sexta-feira (06.03), na BR 116,&hellip;<\/p>\n","protected":false},"author":1,"featured_media":127478,"comment_status":"closed","ping_status":"open","sticky":false,"template":"","format":"standard","meta":{"footnotes":""},"categories":[14121],"tags":[13146,34634,36060],"class_list":["post-127477","post","type-post","status-publish","format-standard","has-post-thumbnail","hentry","category-policial","tag-blog-edvaldo-magalhaes","tag-portal-edvaldo-magalhaes","tag-suspeito-de-estelionato-e-detido-pela-prf-em-salgueiro"],"_links":{"self":[{"href":"https:\/\/blogdoedvaldomagalhaes.com.br\/index.php\/wp-json\/wp\/v2\/posts\/127477","targetHints":{"allow":["GET"]}}],"collection":[{"href":"https:\/\/blogdoedvaldomagalhaes.com.br\/index.php\/wp-json\/wp\/v2\/posts"}],"about":[{"href":"https:\/\/blogdoedvaldomagalhaes.com.br\/index.php\/wp-json\/wp\/v2\/types\/post"}],"author":[{"embeddable":true,"href":"https:\/\/blogdoedvaldomagalhaes.com.br\/index.php\/wp-json\/wp\/v2\/users\/1"}],"replies":[{"embeddable":true,"href":"https:\/\/blogdoedvaldomagalhaes.com.br\/index.php\/wp-json\/wp\/v2\/comments?post=127477"}],"version-history":[{"count":1,"href":"https:\/\/blogdoedvaldomagalhaes.com.br\/index.php\/wp-json\/wp\/v2\/posts\/127477\/revisions"}],"predecessor-version":[{"id":127479,"href":"https:\/\/blogdoedvaldomagalhaes.com.br\/index.php\/wp-json\/wp\/v2\/posts\/127477\/revisions\/127479"}],"wp:featuredmedia":[{"embeddable":true,"href":"https:\/\/blogdoedvaldomagalhaes.com.br\/index.php\/wp-json\/wp\/v2\/media\/127478"}],"wp:attachment":[{"href":"https:\/\/blogdoedvaldomagalhaes.com.br\/index.php\/wp-json\/wp\/v2\/media?parent=127477"}],"wp:term":[{"taxonomy":"category","embeddable":true,"href":"https:\/\/blogdoedvaldomagalhaes.com.br\/index.php\/wp-json\/wp\/v2\/categories?post=127477"},{"taxonomy":"post_tag","embeddable":true,"href":"https:\/\/blogdoedvaldomagalhaes.com.br\/index.php\/wp-json\/wp\/v2\/tags?post=127477"}],"curies":[{"name":"wp","href":"https:\/\/api.w.org\/{rel}","templated":true}]}}