{"id":127474,"date":"2026-03-07T17:03:10","date_gmt":"2026-03-07T20:03:10","guid":{"rendered":"https:\/\/blogdoedvaldomagalhaes.com.br\/?p=127474"},"modified":"2026-03-07T17:03:10","modified_gmt":"2026-03-07T20:03:10","slug":"prf-detem-foragido-por-homicidio-na-br-408","status":"publish","type":"post","link":"https:\/\/blogdoedvaldomagalhaes.com.br\/index.php\/2026\/03\/07\/prf-detem-foragido-por-homicidio-na-br-408\/","title":{"rendered":"PRF det\u00e9m foragido por homic\u00eddio na BR-408"},"content":{"rendered":"<p>Um homem que possu\u00eda um mandado de pris\u00e3o em aberto pelo crime de homic\u00eddio foi detido, na sexta-feira (6), pela Pol\u00edcia Rodovi\u00e1ria Federal (PRF). A abordagem ocorreu durante uma fiscaliza\u00e7\u00e3o na BR-408, no acesso \u00e0 capital pernambucana.<\/p>\n<p>Ao solicitarem a documenta\u00e7\u00e3o do condutor, os policiais realizaram uma consulta e identificaram a pend\u00eancia judicial. O mandado de pris\u00e3o havia sido expedido no dia 2 de outubro de 2025, pela Vara Criminal da Comarca de Igarassu, na Regi\u00e3o Metropolitana do Recife.<\/p>\n<p>O homem foi encaminhado \u00e0 Delegacia de Pol\u00edcia Civil para o cumprimento do mandado e a continuidade dos procedimentos legais. Foto: Divulga\u00e7\u00e3o\/PRF.<br \/>\nSiga o Instagram @portaledvaldomagalhaes<\/p>\n","protected":false},"excerpt":{"rendered":"<p>Um homem que possu\u00eda um mandado de pris\u00e3o em aberto pelo crime de homic\u00eddio foi detido, na sexta-feira (6), pela&hellip;<\/p>\n","protected":false},"author":1,"featured_media":127475,"comment_status":"closed","ping_status":"open","sticky":false,"template":"","format":"standard","meta":{"footnotes":""},"categories":[14121],"tags":[13146,14622,34634,36059],"class_list":["post-127474","post","type-post","status-publish","format-standard","has-post-thumbnail","hentry","category-policial","tag-blog-edvaldo-magalhaes","tag-no-recife","tag-portal-edvaldo-magalhaes","tag-prf-detem-foragido-por-homicidio-na-br-408"],"_links":{"self":[{"href":"https:\/\/blogdoedvaldomagalhaes.com.br\/index.php\/wp-json\/wp\/v2\/posts\/127474","targetHints":{"allow":["GET"]}}],"collection":[{"href":"https:\/\/blogdoedvaldomagalhaes.com.br\/index.php\/wp-json\/wp\/v2\/posts"}],"about":[{"href":"https:\/\/blogdoedvaldomagalhaes.com.br\/index.php\/wp-json\/wp\/v2\/types\/post"}],"author":[{"embeddable":true,"href":"https:\/\/blogdoedvaldomagalhaes.com.br\/index.php\/wp-json\/wp\/v2\/users\/1"}],"replies":[{"embeddable":true,"href":"https:\/\/blogdoedvaldomagalhaes.com.br\/index.php\/wp-json\/wp\/v2\/comments?post=127474"}],"version-history":[{"count":1,"href":"https:\/\/blogdoedvaldomagalhaes.com.br\/index.php\/wp-json\/wp\/v2\/posts\/127474\/revisions"}],"predecessor-version":[{"id":127476,"href":"https:\/\/blogdoedvaldomagalhaes.com.br\/index.php\/wp-json\/wp\/v2\/posts\/127474\/revisions\/127476"}],"wp:featuredmedia":[{"embeddable":true,"href":"https:\/\/blogdoedvaldomagalhaes.com.br\/index.php\/wp-json\/wp\/v2\/media\/127475"}],"wp:attachment":[{"href":"https:\/\/blogdoedvaldomagalhaes.com.br\/index.php\/wp-json\/wp\/v2\/media?parent=127474"}],"wp:term":[{"taxonomy":"category","embeddable":true,"href":"https:\/\/blogdoedvaldomagalhaes.com.br\/index.php\/wp-json\/wp\/v2\/categories?post=127474"},{"taxonomy":"post_tag","embeddable":true,"href":"https:\/\/blogdoedvaldomagalhaes.com.br\/index.php\/wp-json\/wp\/v2\/tags?post=127474"}],"curies":[{"name":"wp","href":"https:\/\/api.w.org\/{rel}","templated":true}]}}