{"id":127471,"date":"2026-03-07T16:54:28","date_gmt":"2026-03-07T19:54:28","guid":{"rendered":"https:\/\/blogdoedvaldomagalhaes.com.br\/?p=127471"},"modified":"2026-03-07T17:11:34","modified_gmt":"2026-03-07T20:11:34","slug":"procurado-por-trafico-de-drogas-e-detido-pela-prf","status":"publish","type":"post","link":"https:\/\/blogdoedvaldomagalhaes.com.br\/index.php\/2026\/03\/07\/procurado-por-trafico-de-drogas-e-detido-pela-prf\/","title":{"rendered":"Procurado por tr\u00e1fico de drogas \u00e9 detido pela PRF"},"content":{"rendered":"<p>Um homem de 51 anos que era procurado pelo crime de tr\u00e1fico de drogas foi detido, na sexta-feira (6), pela Pol\u00edcia Rodovi\u00e1ria Federal (PRF), na BR 232, em Moreno, no Grande Recife. O mandado de pris\u00e3o havia sido expedido no dia 19 de janeiro deste ano pela 1\u00aa Vara Criminal da Comarca de Camaragibe.<\/p>\n<p>Policiais realizavam uma fiscaliza\u00e7\u00e3o no Km 22 da rodovia, quando abordaram um carro que aparentava estar trafegando com excesso de velocidade. Em consulta \u00e0 documenta\u00e7\u00e3o apresentada pelo motorista, foi descoberto que havia um mandado de pris\u00e3o em aberto, com validade at\u00e9 31 de dezembro de 2029.<\/p>\n<p>O homem foi encaminhado \u00e0 Delegacia de Pol\u00edcia Civil, para ser apresentado \u00e0 Justi\u00e7a.<br \/>\nSiga o Instagram @portaledvaldomagalhaes<br \/>\nFoto: PRF\/Divulga\u00e7\u00e3o <\/p>\n","protected":false},"excerpt":{"rendered":"<p>Um homem de 51 anos que era procurado pelo crime de tr\u00e1fico de drogas foi detido, na sexta-feira (6), pela&hellip;<\/p>\n","protected":false},"author":1,"featured_media":127472,"comment_status":"closed","ping_status":"open","sticky":false,"template":"","format":"standard","meta":{"footnotes":""},"categories":[14121],"tags":[13146,34634],"class_list":["post-127471","post","type-post","status-publish","format-standard","has-post-thumbnail","hentry","category-policial","tag-blog-edvaldo-magalhaes","tag-portal-edvaldo-magalhaes"],"_links":{"self":[{"href":"https:\/\/blogdoedvaldomagalhaes.com.br\/index.php\/wp-json\/wp\/v2\/posts\/127471","targetHints":{"allow":["GET"]}}],"collection":[{"href":"https:\/\/blogdoedvaldomagalhaes.com.br\/index.php\/wp-json\/wp\/v2\/posts"}],"about":[{"href":"https:\/\/blogdoedvaldomagalhaes.com.br\/index.php\/wp-json\/wp\/v2\/types\/post"}],"author":[{"embeddable":true,"href":"https:\/\/blogdoedvaldomagalhaes.com.br\/index.php\/wp-json\/wp\/v2\/users\/1"}],"replies":[{"embeddable":true,"href":"https:\/\/blogdoedvaldomagalhaes.com.br\/index.php\/wp-json\/wp\/v2\/comments?post=127471"}],"version-history":[{"count":1,"href":"https:\/\/blogdoedvaldomagalhaes.com.br\/index.php\/wp-json\/wp\/v2\/posts\/127471\/revisions"}],"predecessor-version":[{"id":127473,"href":"https:\/\/blogdoedvaldomagalhaes.com.br\/index.php\/wp-json\/wp\/v2\/posts\/127471\/revisions\/127473"}],"wp:featuredmedia":[{"embeddable":true,"href":"https:\/\/blogdoedvaldomagalhaes.com.br\/index.php\/wp-json\/wp\/v2\/media\/127472"}],"wp:attachment":[{"href":"https:\/\/blogdoedvaldomagalhaes.com.br\/index.php\/wp-json\/wp\/v2\/media?parent=127471"}],"wp:term":[{"taxonomy":"category","embeddable":true,"href":"https:\/\/blogdoedvaldomagalhaes.com.br\/index.php\/wp-json\/wp\/v2\/categories?post=127471"},{"taxonomy":"post_tag","embeddable":true,"href":"https:\/\/blogdoedvaldomagalhaes.com.br\/index.php\/wp-json\/wp\/v2\/tags?post=127471"}],"curies":[{"name":"wp","href":"https:\/\/api.w.org\/{rel}","templated":true}]}}