{"id":127468,"date":"2026-03-07T11:21:24","date_gmt":"2026-03-07T14:21:24","guid":{"rendered":"https:\/\/blogdoedvaldomagalhaes.com.br\/?p=127468"},"modified":"2026-03-07T11:21:24","modified_gmt":"2026-03-07T14:21:24","slug":"prefeitura-divulga-relatorio-anual-de-gestao-com-balanco-das-acoes-realizadas-no-municipio","status":"publish","type":"post","link":"https:\/\/blogdoedvaldomagalhaes.com.br\/index.php\/2026\/03\/07\/prefeitura-divulga-relatorio-anual-de-gestao-com-balanco-das-acoes-realizadas-no-municipio\/","title":{"rendered":"Prefeitura divulga Relat\u00f3rio Anual de Gest\u00e3o com balan\u00e7o das a\u00e7\u00f5es realizadas no munic\u00edpio"},"content":{"rendered":"<p>A Prefeitura Municipal, por meio da Secretaria de Planejamento e Gest\u00e3o (Seplag), divulga o Relat\u00f3rio Anual de Gest\u00e3o (RAG) 2025, documento que apresenta um panorama das principais a\u00e7\u00f5es, programas e resultados alcan\u00e7ados pela administra\u00e7\u00e3o municipal ao longo do \u00faltimo exerc\u00edcio.<\/p>\n<p>O relat\u00f3rio re\u00fane informa\u00e7\u00f5es sobre as entregas das pol\u00edticas p\u00fablicas em diversas \u00e1reas, permitindo que a popula\u00e7\u00e3o acompanhe, de forma transparente, como o munic\u00edpio vem sendo planejado e administrado.<\/p>\n<p>Elaborado pela Seplag, o documento foi consolidado em articula\u00e7\u00e3o com os demais \u00f3rg\u00e3os e entidades da administra\u00e7\u00e3o municipal, garantindo uma vis\u00e3o integrada da gest\u00e3o p\u00fablica.<\/p>\n<p>Para a secret\u00e1ria de Planejamento, Or\u00e7amento e Gest\u00e3o, Andrezza Ribeiro, a divulga\u00e7\u00e3o do RAG refor\u00e7a o compromisso da gest\u00e3o com a transpar\u00eancia e o controle social. \u201cO Relat\u00f3rio Anual de Gest\u00e3o \u00e9 um instrumento fundamental de presta\u00e7\u00e3o de contas \u00e0 popula\u00e7\u00e3o. Por meio dele, apresentamos de forma clara e organizada as a\u00e7\u00f5es realizadas, os avan\u00e7os alcan\u00e7ados e os desafios que ainda precisam ser superados, fortalecendo a participa\u00e7\u00e3o cidad\u00e3 e a confian\u00e7a na administra\u00e7\u00e3o p\u00fablica\u201d, destacou.<\/p>\n<p>O Relat\u00f3rio Anual de Gest\u00e3o 2025 est\u00e1 dispon\u00edvel para consulta no site oficial da Prefeitura.<\/p>\n<p>https:\/\/caruaru.pe.gov.br\/portal-da-transparencia\/relatorios-de-gestao\/<br \/>\nSiga o Instagram @portaledvaldomagalhaes<br \/>\nFoto: Jorge Farias <\/p>\n","protected":false},"excerpt":{"rendered":"<p>A Prefeitura Municipal, por meio da Secretaria de Planejamento e Gest\u00e3o (Seplag), divulga o Relat\u00f3rio Anual de Gest\u00e3o (RAG) 2025,&hellip;<\/p>\n","protected":false},"author":1,"featured_media":127469,"comment_status":"closed","ping_status":"open","sticky":false,"template":"","format":"standard","meta":{"footnotes":""},"categories":[14120],"tags":[13146,34634,36051],"class_list":["post-127468","post","type-post","status-publish","format-standard","has-post-thumbnail","hentry","category-noticias","tag-blog-edvaldo-magalhaes","tag-portal-edvaldo-magalhaes","tag-prefeitura-divulga-relatorio-anual-de-gestao-com-balanco-das-acoes-realizadas-no-municipio"],"_links":{"self":[{"href":"https:\/\/blogdoedvaldomagalhaes.com.br\/index.php\/wp-json\/wp\/v2\/posts\/127468","targetHints":{"allow":["GET"]}}],"collection":[{"href":"https:\/\/blogdoedvaldomagalhaes.com.br\/index.php\/wp-json\/wp\/v2\/posts"}],"about":[{"href":"https:\/\/blogdoedvaldomagalhaes.com.br\/index.php\/wp-json\/wp\/v2\/types\/post"}],"author":[{"embeddable":true,"href":"https:\/\/blogdoedvaldomagalhaes.com.br\/index.php\/wp-json\/wp\/v2\/users\/1"}],"replies":[{"embeddable":true,"href":"https:\/\/blogdoedvaldomagalhaes.com.br\/index.php\/wp-json\/wp\/v2\/comments?post=127468"}],"version-history":[{"count":1,"href":"https:\/\/blogdoedvaldomagalhaes.com.br\/index.php\/wp-json\/wp\/v2\/posts\/127468\/revisions"}],"predecessor-version":[{"id":127470,"href":"https:\/\/blogdoedvaldomagalhaes.com.br\/index.php\/wp-json\/wp\/v2\/posts\/127468\/revisions\/127470"}],"wp:featuredmedia":[{"embeddable":true,"href":"https:\/\/blogdoedvaldomagalhaes.com.br\/index.php\/wp-json\/wp\/v2\/media\/127469"}],"wp:attachment":[{"href":"https:\/\/blogdoedvaldomagalhaes.com.br\/index.php\/wp-json\/wp\/v2\/media?parent=127468"}],"wp:term":[{"taxonomy":"category","embeddable":true,"href":"https:\/\/blogdoedvaldomagalhaes.com.br\/index.php\/wp-json\/wp\/v2\/categories?post=127468"},{"taxonomy":"post_tag","embeddable":true,"href":"https:\/\/blogdoedvaldomagalhaes.com.br\/index.php\/wp-json\/wp\/v2\/tags?post=127468"}],"curies":[{"name":"wp","href":"https:\/\/api.w.org\/{rel}","templated":true}]}}