{"id":127465,"date":"2026-03-06T22:37:59","date_gmt":"2026-03-07T01:37:59","guid":{"rendered":"https:\/\/blogdoedvaldomagalhaes.com.br\/?p=127465"},"modified":"2026-03-06T22:37:59","modified_gmt":"2026-03-07T01:37:59","slug":"secretario-renato-lyra-acompanha-caso-de-animal-atropelado-e-cobra-investigacao-por-possivel-omissao-de-socorro","status":"publish","type":"post","link":"https:\/\/blogdoedvaldomagalhaes.com.br\/index.php\/2026\/03\/06\/secretario-renato-lyra-acompanha-caso-de-animal-atropelado-e-cobra-investigacao-por-possivel-omissao-de-socorro\/","title":{"rendered":"Secret\u00e1rio Renato Lyra acompanha caso de animal atropelado e cobra investiga\u00e7\u00e3o por poss\u00edvel omiss\u00e3o de socorro"},"content":{"rendered":"<p><span style=\"font-size: revert;\">O vereador licenciado e atual secret\u00e1rio de Sustentabilidade e Bem-Estar Animal de Caruaru, Renato Lyra, esteve presente na noite desta quinta-feira (por volta das 22h) nas proximidades da Via Parque, ap\u00f3s receber solicita\u00e7\u00f5es da popula\u00e7\u00e3o para verificar a situa\u00e7\u00e3o de um animal v\u00edtima de atropelamento na localidade. Mesmo n\u00e3o sendo um chamado ocorrido em hor\u00e1rio regular de expediente, o secret\u00e1rio se deslocou at\u00e9 o local para acompanhar a ocorr\u00eancia e prestar os encaminhamentos necess\u00e1rios junto \u00e0 equipe respons\u00e1vel.<\/span><\/p>\n<p>O animal, infelizmente, n\u00e3o resistiu aos ferimentos e veio a \u00f3bito. Segundo Renato Lyra, o caso ser\u00e1 apurado para identificar o respons\u00e1vel pelo atropelamento e verificar a possibilidade de responsabiliza\u00e7\u00e3o por omiss\u00e3o de socorro. De acordo com o secret\u00e1rio, a gest\u00e3o municipal mant\u00e9m aten\u00e7\u00e3o permanente \u00e0s demandas relacionadas \u00e0 causa animal e refor\u00e7a que situa\u00e7\u00f5es como essa precisam ser investigadas para garantir respeito \u00e0 vida e fortalecer a conscientiza\u00e7\u00e3o da sociedade quanto \u00e0 prote\u00e7\u00e3o dos animais. Foto: Divulga\u00e7\u00e3o.<br \/>\nSiga o Instagram @portaledvaldomagalhaes<\/p>\n","protected":false},"excerpt":{"rendered":"<p>O vereador licenciado e atual secret\u00e1rio de Sustentabilidade e Bem-Estar Animal de Caruaru, Renato Lyra, esteve presente na noite desta&hellip;<\/p>\n","protected":false},"author":1,"featured_media":127466,"comment_status":"closed","ping_status":"open","sticky":false,"template":"","format":"standard","meta":{"footnotes":""},"categories":[14122],"tags":[13146,20295,34634],"class_list":["post-127465","post","type-post","status-publish","format-standard","has-post-thumbnail","hentry","category-politica","tag-blog-edvaldo-magalhaes","tag-politica-2","tag-portal-edvaldo-magalhaes"],"_links":{"self":[{"href":"https:\/\/blogdoedvaldomagalhaes.com.br\/index.php\/wp-json\/wp\/v2\/posts\/127465","targetHints":{"allow":["GET"]}}],"collection":[{"href":"https:\/\/blogdoedvaldomagalhaes.com.br\/index.php\/wp-json\/wp\/v2\/posts"}],"about":[{"href":"https:\/\/blogdoedvaldomagalhaes.com.br\/index.php\/wp-json\/wp\/v2\/types\/post"}],"author":[{"embeddable":true,"href":"https:\/\/blogdoedvaldomagalhaes.com.br\/index.php\/wp-json\/wp\/v2\/users\/1"}],"replies":[{"embeddable":true,"href":"https:\/\/blogdoedvaldomagalhaes.com.br\/index.php\/wp-json\/wp\/v2\/comments?post=127465"}],"version-history":[{"count":1,"href":"https:\/\/blogdoedvaldomagalhaes.com.br\/index.php\/wp-json\/wp\/v2\/posts\/127465\/revisions"}],"predecessor-version":[{"id":127467,"href":"https:\/\/blogdoedvaldomagalhaes.com.br\/index.php\/wp-json\/wp\/v2\/posts\/127465\/revisions\/127467"}],"wp:featuredmedia":[{"embeddable":true,"href":"https:\/\/blogdoedvaldomagalhaes.com.br\/index.php\/wp-json\/wp\/v2\/media\/127466"}],"wp:attachment":[{"href":"https:\/\/blogdoedvaldomagalhaes.com.br\/index.php\/wp-json\/wp\/v2\/media?parent=127465"}],"wp:term":[{"taxonomy":"category","embeddable":true,"href":"https:\/\/blogdoedvaldomagalhaes.com.br\/index.php\/wp-json\/wp\/v2\/categories?post=127465"},{"taxonomy":"post_tag","embeddable":true,"href":"https:\/\/blogdoedvaldomagalhaes.com.br\/index.php\/wp-json\/wp\/v2\/tags?post=127465"}],"curies":[{"name":"wp","href":"https:\/\/api.w.org\/{rel}","templated":true}]}}