{"id":127462,"date":"2026-03-06T22:30:32","date_gmt":"2026-03-07T01:30:32","guid":{"rendered":"https:\/\/blogdoedvaldomagalhaes.com.br\/?p=127462"},"modified":"2026-03-06T22:30:32","modified_gmt":"2026-03-07T01:30:32","slug":"vereador-cabo-cardoso-solicita-embarque-e-desembarque-de-passageiros-e-mercadorias-na-travessa-13-de-maio","status":"publish","type":"post","link":"https:\/\/blogdoedvaldomagalhaes.com.br\/index.php\/2026\/03\/06\/vereador-cabo-cardoso-solicita-embarque-e-desembarque-de-passageiros-e-mercadorias-na-travessa-13-de-maio\/","title":{"rendered":"Vereador Cabo Cardoso solicita embarque e desembarque de passageiros e mercadorias na Travessa 13 de Maio"},"content":{"rendered":"<p>O Vereador Cabo Cardoso, solicitou a implanta\u00e7\u00e3o na Travessa 13 de Maio, no centro de Caruaru, que atualmente se encontra interditada, em um local para embarque e desembarque de passageiros e mercadorias, principalmente para atender as demandas dos motoristas de aplicativos em motocicletas que trabalham com entregas de mercadorias e necessitam de um local onde possam estacionar a motocicleta, por pequeno per\u00edodo e assim possam buscar ou entregar alimentos ou mercadorias, sem sofrerem penalidades. Foto: Divulga\u00e7\u00e3o<br \/>\nSiga o Instagram @portaledvaldomagalhaes e comente<\/p>\n","protected":false},"excerpt":{"rendered":"<p>O Vereador Cabo Cardoso, solicitou a implanta\u00e7\u00e3o na Travessa 13 de Maio, no centro de Caruaru, que atualmente se encontra&hellip;<\/p>\n","protected":false},"author":1,"featured_media":127463,"comment_status":"closed","ping_status":"open","sticky":false,"template":"","format":"standard","meta":{"footnotes":""},"categories":[14122],"tags":[13146,20295,34634],"class_list":["post-127462","post","type-post","status-publish","format-standard","has-post-thumbnail","hentry","category-politica","tag-blog-edvaldo-magalhaes","tag-politica-2","tag-portal-edvaldo-magalhaes"],"_links":{"self":[{"href":"https:\/\/blogdoedvaldomagalhaes.com.br\/index.php\/wp-json\/wp\/v2\/posts\/127462","targetHints":{"allow":["GET"]}}],"collection":[{"href":"https:\/\/blogdoedvaldomagalhaes.com.br\/index.php\/wp-json\/wp\/v2\/posts"}],"about":[{"href":"https:\/\/blogdoedvaldomagalhaes.com.br\/index.php\/wp-json\/wp\/v2\/types\/post"}],"author":[{"embeddable":true,"href":"https:\/\/blogdoedvaldomagalhaes.com.br\/index.php\/wp-json\/wp\/v2\/users\/1"}],"replies":[{"embeddable":true,"href":"https:\/\/blogdoedvaldomagalhaes.com.br\/index.php\/wp-json\/wp\/v2\/comments?post=127462"}],"version-history":[{"count":1,"href":"https:\/\/blogdoedvaldomagalhaes.com.br\/index.php\/wp-json\/wp\/v2\/posts\/127462\/revisions"}],"predecessor-version":[{"id":127464,"href":"https:\/\/blogdoedvaldomagalhaes.com.br\/index.php\/wp-json\/wp\/v2\/posts\/127462\/revisions\/127464"}],"wp:featuredmedia":[{"embeddable":true,"href":"https:\/\/blogdoedvaldomagalhaes.com.br\/index.php\/wp-json\/wp\/v2\/media\/127463"}],"wp:attachment":[{"href":"https:\/\/blogdoedvaldomagalhaes.com.br\/index.php\/wp-json\/wp\/v2\/media?parent=127462"}],"wp:term":[{"taxonomy":"category","embeddable":true,"href":"https:\/\/blogdoedvaldomagalhaes.com.br\/index.php\/wp-json\/wp\/v2\/categories?post=127462"},{"taxonomy":"post_tag","embeddable":true,"href":"https:\/\/blogdoedvaldomagalhaes.com.br\/index.php\/wp-json\/wp\/v2\/tags?post=127462"}],"curies":[{"name":"wp","href":"https:\/\/api.w.org\/{rel}","templated":true}]}}