{"id":127459,"date":"2026-03-06T21:30:56","date_gmt":"2026-03-07T00:30:56","guid":{"rendered":"https:\/\/blogdoedvaldomagalhaes.com.br\/?p=127459"},"modified":"2026-03-06T21:55:11","modified_gmt":"2026-03-07T00:55:11","slug":"curso-gratuito-em-caruaru-ensina-estrategias-para-melhorar-curriculo-e-buscar-vagas-de-emprego","status":"publish","type":"post","link":"https:\/\/blogdoedvaldomagalhaes.com.br\/index.php\/2026\/03\/06\/curso-gratuito-em-caruaru-ensina-estrategias-para-melhorar-curriculo-e-buscar-vagas-de-emprego\/","title":{"rendered":"Curso gratuito em Caruaru ensina estrat\u00e9gias para melhorar curr\u00edculo e buscar vagas de emprego"},"content":{"rendered":"<p>Est\u00e3o abertas as inscri\u00e7\u00f5es para o Curso Estrat\u00e9gias de Empregabilidade, que ser\u00e1 realizado na Pracinha Compositor Carlos Fernando, localizada na Av. Caruaru, n\u00ba 123, no bairro Maria Auxiliadora. A capacita\u00e7\u00e3o acontece nos dias 10, 11 e 12 de mar\u00e7o, com turmas pela manh\u00e3 (8h30 \u00e0s 11h30) e \u00e0 tarde (13h30 \u00e0s 16h30). Cada turma contar\u00e1 com 15 vagas e carga hor\u00e1ria total de 12 horas.<\/p>\n<p>Podem participar pessoas a partir dos 16 anos de idade. As inscri\u00e7\u00f5es seguem at\u00e9 segunda-feira (09) e podem ser realizadas pelo telefone (81) 9129-4031.<\/p>\n<p>Durante o curso, os participantes ter\u00e3o orienta\u00e7\u00f5es sobre elabora\u00e7\u00e3o de curr\u00edculo, busca por vagas de emprego e uso de plataformas digitais voltadas ao mercado de trabalho.<\/p>\n<p>A capacita\u00e7\u00e3o \u00e9 uma iniciativa da Secretaria de Desenvolvimento Econ\u00f4mico, Turismo, Tecnologia e Economia Criativa (Sedetec), em parceria com a Secretaria de Assist\u00eancia Social e Combate \u00e0 Fome (SAS), por meio do Programa Profissionaliza Mais Caruaru.<br \/>\nSiga o Instagram @portaledvaldomagalhaes<br \/>\nCard: Divulga\u00e7\u00e3o <\/p>\n","protected":false},"excerpt":{"rendered":"<p>Est\u00e3o abertas as inscri\u00e7\u00f5es para o Curso Estrat\u00e9gias de Empregabilidade, que ser\u00e1 realizado na Pracinha Compositor Carlos Fernando, localizada na&hellip;<\/p>\n","protected":false},"author":1,"featured_media":127460,"comment_status":"closed","ping_status":"open","sticky":false,"template":"","format":"standard","meta":{"footnotes":""},"categories":[14120],"tags":[13146,36050,34634],"class_list":["post-127459","post","type-post","status-publish","format-standard","has-post-thumbnail","hentry","category-noticias","tag-blog-edvaldo-magalhaes","tag-curso-gratuito-em-caruaru-ensina-estrategias-para-melhorar-curriculo-e-buscar-vagas-de-emprego","tag-portal-edvaldo-magalhaes"],"_links":{"self":[{"href":"https:\/\/blogdoedvaldomagalhaes.com.br\/index.php\/wp-json\/wp\/v2\/posts\/127459","targetHints":{"allow":["GET"]}}],"collection":[{"href":"https:\/\/blogdoedvaldomagalhaes.com.br\/index.php\/wp-json\/wp\/v2\/posts"}],"about":[{"href":"https:\/\/blogdoedvaldomagalhaes.com.br\/index.php\/wp-json\/wp\/v2\/types\/post"}],"author":[{"embeddable":true,"href":"https:\/\/blogdoedvaldomagalhaes.com.br\/index.php\/wp-json\/wp\/v2\/users\/1"}],"replies":[{"embeddable":true,"href":"https:\/\/blogdoedvaldomagalhaes.com.br\/index.php\/wp-json\/wp\/v2\/comments?post=127459"}],"version-history":[{"count":1,"href":"https:\/\/blogdoedvaldomagalhaes.com.br\/index.php\/wp-json\/wp\/v2\/posts\/127459\/revisions"}],"predecessor-version":[{"id":127461,"href":"https:\/\/blogdoedvaldomagalhaes.com.br\/index.php\/wp-json\/wp\/v2\/posts\/127459\/revisions\/127461"}],"wp:featuredmedia":[{"embeddable":true,"href":"https:\/\/blogdoedvaldomagalhaes.com.br\/index.php\/wp-json\/wp\/v2\/media\/127460"}],"wp:attachment":[{"href":"https:\/\/blogdoedvaldomagalhaes.com.br\/index.php\/wp-json\/wp\/v2\/media?parent=127459"}],"wp:term":[{"taxonomy":"category","embeddable":true,"href":"https:\/\/blogdoedvaldomagalhaes.com.br\/index.php\/wp-json\/wp\/v2\/categories?post=127459"},{"taxonomy":"post_tag","embeddable":true,"href":"https:\/\/blogdoedvaldomagalhaes.com.br\/index.php\/wp-json\/wp\/v2\/tags?post=127459"}],"curies":[{"name":"wp","href":"https:\/\/api.w.org\/{rel}","templated":true}]}}