{"id":127456,"date":"2026-03-06T21:23:53","date_gmt":"2026-03-07T00:23:53","guid":{"rendered":"https:\/\/blogdoedvaldomagalhaes.com.br\/?p=127456"},"modified":"2026-03-06T21:23:53","modified_gmt":"2026-03-07T00:23:53","slug":"caruaru-recebe-aulao-de-danca-especial-do-mes-da-mulher-neste-sabado-7","status":"publish","type":"post","link":"https:\/\/blogdoedvaldomagalhaes.com.br\/index.php\/2026\/03\/06\/caruaru-recebe-aulao-de-danca-especial-do-mes-da-mulher-neste-sabado-7\/","title":{"rendered":"Caruaru recebe aul\u00e3o de dan\u00e7a especial do M\u00eas da Mulher neste s\u00e1bado (7)"},"content":{"rendered":"<p>Como forma de incentivar h\u00e1bitos saud\u00e1veis e promover qualidade de vida, ser\u00e1 realizado, neste s\u00e1bado (7), \u00e0s 16h30, um aul\u00e3o de dan\u00e7a especial em alus\u00e3o ao M\u00eas da Mulher. A atividade acontecer\u00e1 na Via Parque 2, no bairro Kennedy, e promete reunir a popula\u00e7\u00e3o em um momento de movimento, bem-estar e conviv\u00eancia.<\/p>\n<p>Apesar da tem\u00e1tica voltada ao M\u00eas da Mulher, o aul\u00e3o \u00e9 aberto ao p\u00fablico e receber\u00e1 qualquer pessoa interessada em praticar atividade f\u00edsica.<\/p>\n<p>O evento integra a\u00e7\u00f5es que estimulam a pr\u00e1tica esportiva como ferramenta de sa\u00fade, inclus\u00e3o social e fortalecimento de v\u00ednculos comunit\u00e1rios.<\/p>\n<p>O aul\u00e3o \u00e9 uma realiza\u00e7\u00e3o da Secretaria de Assist\u00eancia Social e Combate \u00e0 Fome (SAS) de Caruaru, por meio do N\u00facleo Esportivo. Card: Divulga\u00e7\u00e3o<br \/>\nSiga o Instagram @portaledvaldomagalhaes<\/p>\n","protected":false},"excerpt":{"rendered":"<p>Como forma de incentivar h\u00e1bitos saud\u00e1veis e promover qualidade de vida, ser\u00e1 realizado, neste s\u00e1bado (7), \u00e0s 16h30, um aul\u00e3o&hellip;<\/p>\n","protected":false},"author":1,"featured_media":127457,"comment_status":"closed","ping_status":"open","sticky":false,"template":"","format":"standard","meta":{"footnotes":""},"categories":[14120],"tags":[13146,36049,34634],"class_list":["post-127456","post","type-post","status-publish","format-standard","has-post-thumbnail","hentry","category-noticias","tag-blog-edvaldo-magalhaes","tag-caruaru-recebe-aulao-de-danca-especial-do-mes-da-mulher-neste-sabado-7","tag-portal-edvaldo-magalhaes"],"_links":{"self":[{"href":"https:\/\/blogdoedvaldomagalhaes.com.br\/index.php\/wp-json\/wp\/v2\/posts\/127456","targetHints":{"allow":["GET"]}}],"collection":[{"href":"https:\/\/blogdoedvaldomagalhaes.com.br\/index.php\/wp-json\/wp\/v2\/posts"}],"about":[{"href":"https:\/\/blogdoedvaldomagalhaes.com.br\/index.php\/wp-json\/wp\/v2\/types\/post"}],"author":[{"embeddable":true,"href":"https:\/\/blogdoedvaldomagalhaes.com.br\/index.php\/wp-json\/wp\/v2\/users\/1"}],"replies":[{"embeddable":true,"href":"https:\/\/blogdoedvaldomagalhaes.com.br\/index.php\/wp-json\/wp\/v2\/comments?post=127456"}],"version-history":[{"count":1,"href":"https:\/\/blogdoedvaldomagalhaes.com.br\/index.php\/wp-json\/wp\/v2\/posts\/127456\/revisions"}],"predecessor-version":[{"id":127458,"href":"https:\/\/blogdoedvaldomagalhaes.com.br\/index.php\/wp-json\/wp\/v2\/posts\/127456\/revisions\/127458"}],"wp:featuredmedia":[{"embeddable":true,"href":"https:\/\/blogdoedvaldomagalhaes.com.br\/index.php\/wp-json\/wp\/v2\/media\/127457"}],"wp:attachment":[{"href":"https:\/\/blogdoedvaldomagalhaes.com.br\/index.php\/wp-json\/wp\/v2\/media?parent=127456"}],"wp:term":[{"taxonomy":"category","embeddable":true,"href":"https:\/\/blogdoedvaldomagalhaes.com.br\/index.php\/wp-json\/wp\/v2\/categories?post=127456"},{"taxonomy":"post_tag","embeddable":true,"href":"https:\/\/blogdoedvaldomagalhaes.com.br\/index.php\/wp-json\/wp\/v2\/tags?post=127456"}],"curies":[{"name":"wp","href":"https:\/\/api.w.org\/{rel}","templated":true}]}}