{"id":127453,"date":"2026-03-06T21:17:29","date_gmt":"2026-03-07T00:17:29","guid":{"rendered":"https:\/\/blogdoedvaldomagalhaes.com.br\/?p=127453"},"modified":"2026-03-06T21:17:29","modified_gmt":"2026-03-07T00:17:29","slug":"mppe-vai-realizar-acao-de-vacinacao-em-caruaru-em-parceria-com-o-governo-pe","status":"publish","type":"post","link":"https:\/\/blogdoedvaldomagalhaes.com.br\/index.php\/2026\/03\/06\/mppe-vai-realizar-acao-de-vacinacao-em-caruaru-em-parceria-com-o-governo-pe\/","title":{"rendered":"MPPE vai realizar a\u00e7\u00e3o de vacina\u00e7\u00e3o em Caruaru em parceria com o Governo-PE"},"content":{"rendered":"<p>O Minist\u00e9rio P\u00fablico de Pernambuco (MPPE), por interm\u00e9dio dos Centros de Apoio Operacional de Defesa da Sa\u00fade (CAO Sa\u00fade), de Defesa da Educa\u00e7\u00e3o (CAO Educa\u00e7\u00e3o) e da Crian\u00e7a e Juventude (CAO IJ), realizar\u00e1, no pr\u00f3ximo dia 18 de mar\u00e7o, no munic\u00edpio de Caruaru (Agreste), a\u00e7\u00e3o de vacina\u00e7\u00e3o dentro do Projeto Bora Vacinar, realizado em parceria com o Governo do Estado. A iniciativa tem o objetivo de mobilizar e incentivar a\u00e7\u00f5es municipais para aumentar a cobertura vacinal de crian\u00e7as e adolescentes.<\/p>\n<p>O 1\u00ba Encontro Regional #BoraVacinar ocorrer\u00e1 no Armaz\u00e9m da Criatividade, no Porto Digital (Rua Jornalista Anibal Fernandes s\/n &#8211; Nossa Senhora das Dores &#8211; Caruaru). Al\u00e9m da vacina\u00e7\u00e3o, haver\u00e1 atra\u00e7\u00e3o cultural, palestras e apresenta\u00e7\u00e3o do Selo #BoraVacinar, que ser\u00e1 concedido aos munic\u00edpios que atingirem as metas de cobertura vacinal estabelecidas pelo Programa Nacional de Imuniza\u00e7\u00f5es (PNI) para crian\u00e7as e adolescentes.<\/p>\n<p>O selo #BoraVacinar \u00e9 inspirado na experi\u00eancia bem-sucedida do Minist\u00e9rio P\u00fablico de Minas Gerais (MPMG). Criado em 2023, tem o objetivo de estimular a\u00e7\u00f5es de combate \u00e0s doen\u00e7as imunopreven\u00edveis e evitar o retorno de doen\u00e7as j\u00e1 erradicadas. <\/p>\n<p>A concess\u00e3o do selo ocorrer\u00e1 em tr\u00eas modalidades: Ouro, para os munic\u00edpios que atingirem 90% da cobertura vacinal de crian\u00e7as menores de 1 ano de idade; Prata, para os munic\u00edpios com coberturas entre 70% e 89,9% das crian\u00e7as; e Adolescente Protegido, que contemplar\u00e1 munic\u00edpios que registrarem o m\u00ednimo de 80% de cobertura contra o HPV.<\/p>\n<p>PROGRAMA\u00c7\u00c3O &#8211; A programa\u00e7\u00e3o do 1\u00ba Encontro Regional #BoraVacinar ter\u00e1 in\u00edcio \u00e0s 8h30, com a realiza\u00e7\u00e3o da vacina\u00e7\u00e3o de crian\u00e7as, adolescentes e adultos. A imuniza\u00e7\u00e3o ocorrer\u00e1 durante toda a manh\u00e3 e se estender\u00e1 at\u00e9 \u00e0s 12h. \u00c0s 9h, haver\u00e1 uma apresenta\u00e7\u00e3o cultural. \u00c0s 9h30, ocorrer\u00e1 a mesa de abertura do evento, com a participa\u00e7\u00e3o de representantes do Minist\u00e9rio P\u00fablico, da Secretaria Estadual de Sa\u00fade e das Secretarias Municipais de Sa\u00fade da macrorregi\u00e3o. \u00c0s 10h15, ser\u00e1 feita a apresenta\u00e7\u00e3o do Selo #BoraVacinar e, em seguida, \u00e0s 10h45, a apresenta\u00e7\u00e3o do cen\u00e1rio vacinal na macrorregi\u00e3o II. O encerramento das atividades est\u00e1 programado para \u00e0s 11h30. Card: Divulga\u00e7\u00e3o<br \/>\nSiga o Instagram @portaledvaldomagalhaes<\/p>\n","protected":false},"excerpt":{"rendered":"<p>O Minist\u00e9rio P\u00fablico de Pernambuco (MPPE), por interm\u00e9dio dos Centros de Apoio Operacional de Defesa da Sa\u00fade (CAO Sa\u00fade), de&hellip;<\/p>\n","protected":false},"author":1,"featured_media":127454,"comment_status":"closed","ping_status":"open","sticky":false,"template":"","format":"standard","meta":{"footnotes":""},"categories":[14120],"tags":[13146,36048,34634],"class_list":["post-127453","post","type-post","status-publish","format-standard","has-post-thumbnail","hentry","category-noticias","tag-blog-edvaldo-magalhaes","tag-mppe-vai-realizar-acao-de-vacinacao-em-caruaru-em-parceria-com-o-governo-pe","tag-portal-edvaldo-magalhaes"],"_links":{"self":[{"href":"https:\/\/blogdoedvaldomagalhaes.com.br\/index.php\/wp-json\/wp\/v2\/posts\/127453","targetHints":{"allow":["GET"]}}],"collection":[{"href":"https:\/\/blogdoedvaldomagalhaes.com.br\/index.php\/wp-json\/wp\/v2\/posts"}],"about":[{"href":"https:\/\/blogdoedvaldomagalhaes.com.br\/index.php\/wp-json\/wp\/v2\/types\/post"}],"author":[{"embeddable":true,"href":"https:\/\/blogdoedvaldomagalhaes.com.br\/index.php\/wp-json\/wp\/v2\/users\/1"}],"replies":[{"embeddable":true,"href":"https:\/\/blogdoedvaldomagalhaes.com.br\/index.php\/wp-json\/wp\/v2\/comments?post=127453"}],"version-history":[{"count":1,"href":"https:\/\/blogdoedvaldomagalhaes.com.br\/index.php\/wp-json\/wp\/v2\/posts\/127453\/revisions"}],"predecessor-version":[{"id":127455,"href":"https:\/\/blogdoedvaldomagalhaes.com.br\/index.php\/wp-json\/wp\/v2\/posts\/127453\/revisions\/127455"}],"wp:featuredmedia":[{"embeddable":true,"href":"https:\/\/blogdoedvaldomagalhaes.com.br\/index.php\/wp-json\/wp\/v2\/media\/127454"}],"wp:attachment":[{"href":"https:\/\/blogdoedvaldomagalhaes.com.br\/index.php\/wp-json\/wp\/v2\/media?parent=127453"}],"wp:term":[{"taxonomy":"category","embeddable":true,"href":"https:\/\/blogdoedvaldomagalhaes.com.br\/index.php\/wp-json\/wp\/v2\/categories?post=127453"},{"taxonomy":"post_tag","embeddable":true,"href":"https:\/\/blogdoedvaldomagalhaes.com.br\/index.php\/wp-json\/wp\/v2\/tags?post=127453"}],"curies":[{"name":"wp","href":"https:\/\/api.w.org\/{rel}","templated":true}]}}