{"id":127446,"date":"2026-03-06T21:02:57","date_gmt":"2026-03-07T00:02:57","guid":{"rendered":"https:\/\/blogdoedvaldomagalhaes.com.br\/?p=127446"},"modified":"2026-03-06T21:02:57","modified_gmt":"2026-03-07T00:02:57","slug":"carro-roubado-bate-em-veiculos-na-tentativa-de-fuga-e-trio-e-detido-com-armas-toucas-balaclava-e-rastreador-de-gps","status":"publish","type":"post","link":"https:\/\/blogdoedvaldomagalhaes.com.br\/index.php\/2026\/03\/06\/carro-roubado-bate-em-veiculos-na-tentativa-de-fuga-e-trio-e-detido-com-armas-toucas-balaclava-e-rastreador-de-gps\/","title":{"rendered":"Carro roubado bate em ve\u00edculos na tentativa de fuga e trio \u00e9 detido com armas, toucas balaclava e rastreador de GPS"},"content":{"rendered":"<p>Tr\u00eas homens, de 20, 21 e 22 anos, foram detidos na noite de quinta-feira (5), pela Pol\u00edcia Rodovi\u00e1ria Federal (PRF), ap\u00f3s uma tentativa de fuga pelas ruas de Boa Viagem, na Zona Sul do Recife. Com o trio, foi apreendido um carro roubado, duas armas e um simulacro de pistola, quatro toucas balaclava e um equipamento utilizado para rastrear o sinal GPS de ve\u00edculos.<\/p>\n<p>Policiais seguiam para a Superintend\u00eancia da PRF, quando avistaram um carro suspeito de ser utilizado na pr\u00e1tica de assaltos em Boa Viagem, a partir da troca de informa\u00e7\u00f5es com o Departamento de Repress\u00e3o aos Crimes Patrimoniais (Depatri).<\/p>\n<p>Foi dada ordem de parada ao motorista, que desobedeceu e fugiu em alta velocidade em dire\u00e7\u00e3o a Boa Viagem. Ap\u00f3s cerca de 5 Km de fuga, o motorista colidiu em alguns ve\u00edculos e ficou imobilizado ao atingir um carro que estava estacionado em frente a uma academia. <\/p>\n<p>Em seguida, quatro ocupantes do ve\u00edculo tentaram fugir a p\u00e9 e tr\u00eas foram detidos. Ningu\u00e9m ficou ferido.<\/p>\n<p>Dentro do carro, a equipe localizou duas armas, as toucas balaclava e o rastreador de GPS. Um dos suspeitos portava o simulacro de pistola.<\/p>\n<p>Um dos ocupantes informou que havia sido contratado para realizar o roubo de ve\u00edculos na regi\u00e3o. Ele foi conduzido junto com os outros homens para o Depatri, em Afogados, na Zona Oeste da capital.<\/p>\n<p>Em consulta, a equipe descobriu que o carro havia sido roubado no dia 14 de janeiro deste ano na rua Ant\u00f4nio Falc\u00e3o, em Boa Viagem. O trio poder\u00e1 responder por porte ilegal de arma, recepta\u00e7\u00e3o, adultera\u00e7\u00e3o de sinal identificador de ve\u00edculo e associa\u00e7\u00e3o criminosa.<br \/>\nSiga o Instagram @portaledvaldomagalhaes<br \/>\nFoto: Divulga\u00e7\u00e3o\/PRF <\/p>\n","protected":false},"excerpt":{"rendered":"<p>Tr\u00eas homens, de 20, 21 e 22 anos, foram detidos na noite de quinta-feira (5), pela Pol\u00edcia Rodovi\u00e1ria Federal (PRF),&hellip;<\/p>\n","protected":false},"author":1,"featured_media":127447,"comment_status":"closed","ping_status":"open","sticky":false,"template":"","format":"standard","meta":{"footnotes":""},"categories":[14121],"tags":[13146,36046,34634],"class_list":["post-127446","post","type-post","status-publish","format-standard","has-post-thumbnail","hentry","category-policial","tag-blog-edvaldo-magalhaes","tag-carro-roubado-bate-em-veiculos-na-tentativa-de-fuga-e-trio-e-detido-com-armas-toucas-balaclava-e-rastreador-de-gps","tag-portal-edvaldo-magalhaes"],"_links":{"self":[{"href":"https:\/\/blogdoedvaldomagalhaes.com.br\/index.php\/wp-json\/wp\/v2\/posts\/127446","targetHints":{"allow":["GET"]}}],"collection":[{"href":"https:\/\/blogdoedvaldomagalhaes.com.br\/index.php\/wp-json\/wp\/v2\/posts"}],"about":[{"href":"https:\/\/blogdoedvaldomagalhaes.com.br\/index.php\/wp-json\/wp\/v2\/types\/post"}],"author":[{"embeddable":true,"href":"https:\/\/blogdoedvaldomagalhaes.com.br\/index.php\/wp-json\/wp\/v2\/users\/1"}],"replies":[{"embeddable":true,"href":"https:\/\/blogdoedvaldomagalhaes.com.br\/index.php\/wp-json\/wp\/v2\/comments?post=127446"}],"version-history":[{"count":1,"href":"https:\/\/blogdoedvaldomagalhaes.com.br\/index.php\/wp-json\/wp\/v2\/posts\/127446\/revisions"}],"predecessor-version":[{"id":127448,"href":"https:\/\/blogdoedvaldomagalhaes.com.br\/index.php\/wp-json\/wp\/v2\/posts\/127446\/revisions\/127448"}],"wp:featuredmedia":[{"embeddable":true,"href":"https:\/\/blogdoedvaldomagalhaes.com.br\/index.php\/wp-json\/wp\/v2\/media\/127447"}],"wp:attachment":[{"href":"https:\/\/blogdoedvaldomagalhaes.com.br\/index.php\/wp-json\/wp\/v2\/media?parent=127446"}],"wp:term":[{"taxonomy":"category","embeddable":true,"href":"https:\/\/blogdoedvaldomagalhaes.com.br\/index.php\/wp-json\/wp\/v2\/categories?post=127446"},{"taxonomy":"post_tag","embeddable":true,"href":"https:\/\/blogdoedvaldomagalhaes.com.br\/index.php\/wp-json\/wp\/v2\/tags?post=127446"}],"curies":[{"name":"wp","href":"https:\/\/api.w.org\/{rel}","templated":true}]}}